{"id":98673,"date":"2023-09-12T17:16:15","date_gmt":"2023-09-12T15:16:15","guid":{"rendered":"https:\/\/girona.euses.cat\/?p=98673"},"modified":"2023-09-12T17:17:03","modified_gmt":"2023-09-12T15:17:03","slug":"empieza-el-curso-academico-universitario-2023-2024-en-los-campus-de-salt-de-terres-de-lebre-y-de-bellvitge","status":"publish","type":"post","link":"https:\/\/girona.euses.cat\/es\/empieza-el-curso-academico-universitario-2023-2024-en-los-campus-de-salt-de-terres-de-lebre-y-de-bellvitge\/","title":{"rendered":"Empieza el curso acad\u00e9mico universitario 2023\/2024 en los Campus de Salt, de Terres de l\u2019Ebre y de Bellvitge"},"content":{"rendered":"<p>Hoy martes se ha iniciado el curso universitario 2023\/2024 en los tres campus de la Escola Universit\u00e0ria de la Salut i l\u2019Esport ubicados en Salt, en las Terres de l\u2019Ebre (Tortosa y Amposta) y en Bellvitge, donde se ha dado, en total, la bienvenida a m\u00e1s de 400 nuevos estudiantes que se han a\u00f1adido a la familia de EUSES y que han iniciado nuestros grados en Fisioterapia o en Ciencias de la Actividad F\u00edsica y del Deporte.<\/p>\n<p>Cuando se acabe este curso, del Campus de Salt saldr\u00e1 la doceava promoci\u00f3n del Grado en Fisioterapia y en CAFyD y la cuarta de Doble Titulaci\u00f3n (CAFyD+Fisioterapia). En cuanto al Campus de Terres de l&#8217;Ebre, ser\u00e1 la s\u00e9ptima hornada tanto en Fisioterapia como en CAFyD; mientras que el Campus de Bellvitge vivir\u00e1 la sexta graduaci\u00f3n del Grado en Fisioterapia Internacional.<\/p>\n<p>En el caso del Campus de Salt, tambi\u00e9n se ha dado hoy el pistoletazo de salida a los cuatro ciclos formativos del \u00e1mbito de la salud y la medicina que se imparten desde el Centre Garb\u00ed. Tres de ellos son de Grado Superior (CFGS de T\u00e9cnico\/a en Imagen para el Diagn\u00f3stico y Medicina Nuclear; CFGS de T\u00e9cnico\/a en Anatom\u00eda Patol\u00f3gica y Citodiagn\u00f3stico; y CFGS de T\u00e9cnico\/a en Diet\u00e9tica) y uno de Grado Medio (CFGM de T\u00e9cnico\/a en Emergencias Sanitarias).<\/p>\n<p>Desde aqu\u00ed aprovechamos para desear a todos los estudiantes de los tres campus un a\u00f1o acad\u00e9mico excelente y muy provechoso.<\/p>\n\n\t\t<style>\n\t\t\t#gallery-1 {\n\t\t\t\tmargin: auto;\n\t\t\t}\n\t\t\t#gallery-1 .gallery-item {\n\t\t\t\tfloat: left;\n\t\t\t\tmargin-top: 10px;\n\t\t\t\ttext-align: center;\n\t\t\t\twidth: 33%;\n\t\t\t}\n\t\t\t#gallery-1 img {\n\t\t\t\tborder: 2px solid #cfcfcf;\n\t\t\t}\n\t\t\t#gallery-1 .gallery-caption {\n\t\t\t\tmargin-left: 0;\n\t\t\t}\n\t\t\t\/* see gallery_shortcode() in wp-includes\/media.php *\/\n\t\t<\/style>\n\t\t<div id='gallery-1' class='gallery galleryid-98673 gallery-columns-3 gallery-size-medium'><dl class='gallery-item'>\n\t\t\t<dt class='gallery-icon landscape'>\n\t\t\t\t<a href='https:\/\/girona.euses.cat\/es\/empieza-el-curso-academico-universitario-2023-2024-en-los-campus-de-salt-de-terres-de-lebre-y-de-bellvitge\/cafe2-2\/'><img loading=\"lazy\" decoding=\"async\" width=\"300\" height=\"225\" src=\"https:\/\/girona.euses.cat\/wp-content\/uploads\/2023\/09\/CAFE2-300x225.jpg\" class=\"attachment-medium size-medium\" alt=\"\" srcset=\"https:\/\/girona.euses.cat\/wp-content\/uploads\/2023\/09\/CAFE2-300x225.jpg 300w, https:\/\/girona.euses.cat\/wp-content\/uploads\/2023\/09\/CAFE2-1024x768.jpg 1024w, https:\/\/girona.euses.cat\/wp-content\/uploads\/2023\/09\/CAFE2-768x576.jpg 768w, https:\/\/girona.euses.cat\/wp-content\/uploads\/2023\/09\/CAFE2-1536x1152.jpg 1536w, https:\/\/girona.euses.cat\/wp-content\/uploads\/2023\/09\/CAFE2-267x200.jpg 267w, https:\/\/girona.euses.cat\/wp-content\/uploads\/2023\/09\/CAFE2-700x525.jpg 700w, https:\/\/girona.euses.cat\/wp-content\/uploads\/2023\/09\/CAFE2.jpg 1984w\" sizes=\"auto, (max-width: 300px) 100vw, 300px\" \/><\/a>\n\t\t\t<\/dt><\/dl><dl class='gallery-item'>\n\t\t\t<dt class='gallery-icon landscape'>\n\t\t\t\t<a href='https:\/\/girona.euses.cat\/es\/empieza-el-curso-academico-universitario-2023-2024-en-los-campus-de-salt-de-terres-de-lebre-y-de-bellvitge\/garbi-2\/'><img loading=\"lazy\" decoding=\"async\" width=\"300\" height=\"225\" src=\"https:\/\/girona.euses.cat\/wp-content\/uploads\/2023\/09\/Garbi-300x225.jpg\" class=\"attachment-medium size-medium\" alt=\"\" srcset=\"https:\/\/girona.euses.cat\/wp-content\/uploads\/2023\/09\/Garbi-300x225.jpg 300w, https:\/\/girona.euses.cat\/wp-content\/uploads\/2023\/09\/Garbi-1024x768.jpg 1024w, https:\/\/girona.euses.cat\/wp-content\/uploads\/2023\/09\/Garbi-768x576.jpg 768w, https:\/\/girona.euses.cat\/wp-content\/uploads\/2023\/09\/Garbi-1536x1152.jpg 1536w, https:\/\/girona.euses.cat\/wp-content\/uploads\/2023\/09\/Garbi-267x200.jpg 267w, https:\/\/girona.euses.cat\/wp-content\/uploads\/2023\/09\/Garbi-700x525.jpg 700w, https:\/\/girona.euses.cat\/wp-content\/uploads\/2023\/09\/Garbi.jpg 1984w\" sizes=\"auto, (max-width: 300px) 100vw, 300px\" \/><\/a>\n\t\t\t<\/dt><\/dl><dl class='gallery-item'>\n\t\t\t<dt class='gallery-icon landscape'>\n\t\t\t\t<a href='https:\/\/girona.euses.cat\/es\/empieza-el-curso-academico-universitario-2023-2024-en-los-campus-de-salt-de-terres-de-lebre-y-de-bellvitge\/campus-salt-3-2\/'><img loading=\"lazy\" decoding=\"async\" width=\"300\" height=\"225\" src=\"https:\/\/girona.euses.cat\/wp-content\/uploads\/2023\/09\/Campus-Salt-300x225.jpg\" class=\"attachment-medium size-medium\" alt=\"\" srcset=\"https:\/\/girona.euses.cat\/wp-content\/uploads\/2023\/09\/Campus-Salt-300x225.jpg 300w, https:\/\/girona.euses.cat\/wp-content\/uploads\/2023\/09\/Campus-Salt-1024x768.jpg 1024w, https:\/\/girona.euses.cat\/wp-content\/uploads\/2023\/09\/Campus-Salt-768x576.jpg 768w, https:\/\/girona.euses.cat\/wp-content\/uploads\/2023\/09\/Campus-Salt-1536x1152.jpg 1536w, https:\/\/girona.euses.cat\/wp-content\/uploads\/2023\/09\/Campus-Salt-267x200.jpg 267w, https:\/\/girona.euses.cat\/wp-content\/uploads\/2023\/09\/Campus-Salt-700x525.jpg 700w, https:\/\/girona.euses.cat\/wp-content\/uploads\/2023\/09\/Campus-Salt.jpg 1984w\" sizes=\"auto, (max-width: 300px) 100vw, 300px\" \/><\/a>\n\t\t\t<\/dt><\/dl><br style=\"clear: both\" \/>\n\t\t<\/div>\n\n","protected":false},"excerpt":{"rendered":"<p>Hoy martes se ha iniciado el curso universitario 2023\/2024 en los tres campus de la Escola Universit\u00e0ria de la Salut i l\u2019Esport ubicados en Salt, en las Terres de l\u2019Ebre (Tortosa y Amposta) y en Bellvitge, donde se ha dado, en total, la bienvenida a m\u00e1s de 400 nuevos estudiantes que se han a\u00f1adido a [&hellip;]<\/p>\n","protected":false},"author":2,"featured_media":98658,"comment_status":"open","ping_status":"closed","sticky":false,"template":"","format":"standard","meta":{"_acf_changed":false,"inline_featured_image":false,"ngg_post_thumbnail":0,"footnotes":""},"categories":[49,123,48],"tags":[],"class_list":["post-98673","post","type-post","status-publish","format-standard","has-post-thumbnail","hentry","category-fisio-salt-es","category-centre-garbi-es","category-cafyd-salt-es"],"acf":[],"yoast_head":"<!-- This site is optimized with the Yoast SEO plugin v28.3 - https:\/\/yoast.com\/product\/yoast-seo-wordpress\/ -->\n<title>Empieza el curso acad\u00e9mico universitario 2023\/2024 en los Campus de Salt, de Terres de l\u2019Ebre y de Bellvitge | Euses - Campus de Salt (Girona)<\/title>\n<meta name=\"robots\" content=\"index, follow, max-snippet:-1, max-image-preview:large, max-video-preview:-1\" \/>\n<link rel=\"canonical\" href=\"https:\/\/girona.euses.cat\/es\/empieza-el-curso-academico-universitario-2023-2024-en-los-campus-de-salt-de-terres-de-lebre-y-de-bellvitge\/\" \/>\n<meta property=\"og:locale\" content=\"es_ES\" \/>\n<meta property=\"og:type\" content=\"article\" \/>\n<meta property=\"og:title\" content=\"Empieza el curso acad\u00e9mico universitario 2023\/2024 en los Campus de Salt, de Terres de l\u2019Ebre y de Bellvitge | Euses - Campus de Salt (Girona)\" \/>\n<meta property=\"og:description\" content=\"Hoy martes se ha iniciado el curso universitario 2023\/2024 en los tres campus de la Escola Universit\u00e0ria de la Salut i l\u2019Esport ubicados en Salt, en las Terres de l\u2019Ebre (Tortosa y Amposta) y en Bellvitge, donde se ha dado, en total, la bienvenida a m\u00e1s de 400 nuevos estudiantes que se han a\u00f1adido a [&hellip;]\" \/>\n<meta property=\"og:url\" content=\"https:\/\/girona.euses.cat\/es\/empieza-el-curso-academico-universitario-2023-2024-en-los-campus-de-salt-de-terres-de-lebre-y-de-bellvitge\/\" \/>\n<meta property=\"og:site_name\" content=\"Euses - Campus de Salt (Girona)\" \/>\n<meta property=\"article:publisher\" content=\"https:\/\/www.facebook.com\/EUSESoficial\" \/>\n<meta property=\"article:published_time\" content=\"2023-09-12T15:16:15+00:00\" \/>\n<meta property=\"article:modified_time\" content=\"2023-09-12T15:17:03+00:00\" \/>\n<meta property=\"og:image\" content=\"https:\/\/girona.euses.cat\/wp-content\/uploads\/2023\/09\/CAFE1.jpg\" \/>\n\t<meta property=\"og:image:width\" content=\"1984\" \/>\n\t<meta property=\"og:image:height\" content=\"1488\" \/>\n\t<meta property=\"og:image:type\" content=\"image\/jpeg\" \/>\n<meta name=\"author\" content=\"Jordi Danes\" \/>\n<meta name=\"twitter:card\" content=\"summary_large_image\" \/>\n<meta name=\"twitter:creator\" content=\"@EUSES_oficial\" \/>\n<meta name=\"twitter:site\" content=\"@EUSES_oficial\" \/>\n<meta name=\"twitter:label1\" content=\"Escrito por\" \/>\n\t<meta name=\"twitter:data1\" content=\"Jordi Danes\" \/>\n\t<meta name=\"twitter:label2\" content=\"Tiempo de lectura\" \/>\n\t<meta name=\"twitter:data2\" content=\"2 minutos\" \/>\n<script type=\"application\/ld+json\" class=\"yoast-schema-graph\">{\"@context\":\"https:\\\/\\\/schema.org\",\"@graph\":[{\"@type\":\"Article\",\"@id\":\"https:\\\/\\\/girona.euses.cat\\\/es\\\/empieza-el-curso-academico-universitario-2023-2024-en-los-campus-de-salt-de-terres-de-lebre-y-de-bellvitge\\\/#article\",\"isPartOf\":{\"@id\":\"https:\\\/\\\/girona.euses.cat\\\/es\\\/empieza-el-curso-academico-universitario-2023-2024-en-los-campus-de-salt-de-terres-de-lebre-y-de-bellvitge\\\/\"},\"author\":{\"name\":\"Jordi Danes\",\"@id\":\"https:\\\/\\\/girona.euses.cat\\\/#\\\/schema\\\/person\\\/568c4355480c07245f1bb8e29628a164\"},\"headline\":\"Empieza el curso acad\u00e9mico universitario 2023\\\/2024 en los Campus de Salt, de Terres de l\u2019Ebre y de Bellvitge\",\"datePublished\":\"2023-09-12T15:16:15+00:00\",\"dateModified\":\"2023-09-12T15:17:03+00:00\",\"mainEntityOfPage\":{\"@id\":\"https:\\\/\\\/girona.euses.cat\\\/es\\\/empieza-el-curso-academico-universitario-2023-2024-en-los-campus-de-salt-de-terres-de-lebre-y-de-bellvitge\\\/\"},\"wordCount\":285,\"commentCount\":0,\"image\":{\"@id\":\"https:\\\/\\\/girona.euses.cat\\\/es\\\/empieza-el-curso-academico-universitario-2023-2024-en-los-campus-de-salt-de-terres-de-lebre-y-de-bellvitge\\\/#primaryimage\"},\"thumbnailUrl\":\"https:\\\/\\\/girona.euses.cat\\\/wp-content\\\/uploads\\\/2023\\\/09\\\/CAFE1.jpg\",\"articleSection\":[\"Fisioterapia EUSES-SALT\",\"Centre Garb\u00ed\",\"CAFyD EUSES-SALT\"],\"inLanguage\":\"es\",\"potentialAction\":[{\"@type\":\"CommentAction\",\"name\":\"Comment\",\"target\":[\"https:\\\/\\\/girona.euses.cat\\\/es\\\/empieza-el-curso-academico-universitario-2023-2024-en-los-campus-de-salt-de-terres-de-lebre-y-de-bellvitge\\\/#respond\"]}]},{\"@type\":\"WebPage\",\"@id\":\"https:\\\/\\\/girona.euses.cat\\\/es\\\/empieza-el-curso-academico-universitario-2023-2024-en-los-campus-de-salt-de-terres-de-lebre-y-de-bellvitge\\\/\",\"url\":\"https:\\\/\\\/girona.euses.cat\\\/es\\\/empieza-el-curso-academico-universitario-2023-2024-en-los-campus-de-salt-de-terres-de-lebre-y-de-bellvitge\\\/\",\"name\":\"Empieza el curso acad\u00e9mico universitario 2023\\\/2024 en los Campus de Salt, de Terres de l\u2019Ebre y de Bellvitge | Euses - Campus de Salt (Girona)\",\"isPartOf\":{\"@id\":\"https:\\\/\\\/girona.euses.cat\\\/#website\"},\"primaryImageOfPage\":{\"@id\":\"https:\\\/\\\/girona.euses.cat\\\/es\\\/empieza-el-curso-academico-universitario-2023-2024-en-los-campus-de-salt-de-terres-de-lebre-y-de-bellvitge\\\/#primaryimage\"},\"image\":{\"@id\":\"https:\\\/\\\/girona.euses.cat\\\/es\\\/empieza-el-curso-academico-universitario-2023-2024-en-los-campus-de-salt-de-terres-de-lebre-y-de-bellvitge\\\/#primaryimage\"},\"thumbnailUrl\":\"https:\\\/\\\/girona.euses.cat\\\/wp-content\\\/uploads\\\/2023\\\/09\\\/CAFE1.jpg\",\"datePublished\":\"2023-09-12T15:16:15+00:00\",\"dateModified\":\"2023-09-12T15:17:03+00:00\",\"author\":{\"@id\":\"https:\\\/\\\/girona.euses.cat\\\/#\\\/schema\\\/person\\\/568c4355480c07245f1bb8e29628a164\"},\"breadcrumb\":{\"@id\":\"https:\\\/\\\/girona.euses.cat\\\/es\\\/empieza-el-curso-academico-universitario-2023-2024-en-los-campus-de-salt-de-terres-de-lebre-y-de-bellvitge\\\/#breadcrumb\"},\"inLanguage\":\"es\",\"potentialAction\":[{\"@type\":\"ReadAction\",\"target\":[\"https:\\\/\\\/girona.euses.cat\\\/es\\\/empieza-el-curso-academico-universitario-2023-2024-en-los-campus-de-salt-de-terres-de-lebre-y-de-bellvitge\\\/\"]}]},{\"@type\":\"ImageObject\",\"inLanguage\":\"es\",\"@id\":\"https:\\\/\\\/girona.euses.cat\\\/es\\\/empieza-el-curso-academico-universitario-2023-2024-en-los-campus-de-salt-de-terres-de-lebre-y-de-bellvitge\\\/#primaryimage\",\"url\":\"https:\\\/\\\/girona.euses.cat\\\/wp-content\\\/uploads\\\/2023\\\/09\\\/CAFE1.jpg\",\"contentUrl\":\"https:\\\/\\\/girona.euses.cat\\\/wp-content\\\/uploads\\\/2023\\\/09\\\/CAFE1.jpg\",\"width\":1984,\"height\":1488},{\"@type\":\"BreadcrumbList\",\"@id\":\"https:\\\/\\\/girona.euses.cat\\\/es\\\/empieza-el-curso-academico-universitario-2023-2024-en-los-campus-de-salt-de-terres-de-lebre-y-de-bellvitge\\\/#breadcrumb\",\"itemListElement\":[{\"@type\":\"ListItem\",\"position\":1,\"name\":\"Portada\",\"item\":\"https:\\\/\\\/girona.euses.cat\\\/es\\\/\"},{\"@type\":\"ListItem\",\"position\":2,\"name\":\"Empieza el curso acad\u00e9mico universitario 2023\\\/2024 en los Campus de Salt, de Terres de l\u2019Ebre y de Bellvitge\"}]},{\"@type\":\"WebSite\",\"@id\":\"https:\\\/\\\/girona.euses.cat\\\/#website\",\"url\":\"https:\\\/\\\/girona.euses.cat\\\/\",\"name\":\"Euses - Campus de Salt (Girona)\",\"description\":\"EUSES, Escola Universit\u00e0ria de Fisioter\u00e0pia i CAFE\",\"potentialAction\":[{\"@type\":\"SearchAction\",\"target\":{\"@type\":\"EntryPoint\",\"urlTemplate\":\"https:\\\/\\\/girona.euses.cat\\\/?s={search_term_string}\"},\"query-input\":{\"@type\":\"PropertyValueSpecification\",\"valueRequired\":true,\"valueName\":\"search_term_string\"}}],\"inLanguage\":\"es\"},{\"@type\":\"Person\",\"@id\":\"https:\\\/\\\/girona.euses.cat\\\/#\\\/schema\\\/person\\\/568c4355480c07245f1bb8e29628a164\",\"name\":\"Jordi Danes\",\"image\":{\"@type\":\"ImageObject\",\"inLanguage\":\"es\",\"@id\":\"https:\\\/\\\/secure.gravatar.com\\\/avatar\\\/a9e4f443b594af225625ee8cfa665e41b1e0740ea34fbe0515b4ca559f8570ef?s=96&d=mm&r=g\",\"url\":\"https:\\\/\\\/secure.gravatar.com\\\/avatar\\\/a9e4f443b594af225625ee8cfa665e41b1e0740ea34fbe0515b4ca559f8570ef?s=96&d=mm&r=g\",\"contentUrl\":\"https:\\\/\\\/secure.gravatar.com\\\/avatar\\\/a9e4f443b594af225625ee8cfa665e41b1e0740ea34fbe0515b4ca559f8570ef?s=96&d=mm&r=g\",\"caption\":\"Jordi Danes\"}}]}<\/script>\n<!-- \/ Yoast SEO plugin. -->","yoast_head_json":{"title":"Empieza el curso acad\u00e9mico universitario 2023\/2024 en los Campus de Salt, de Terres de l\u2019Ebre y de Bellvitge | Euses - Campus de Salt (Girona)","robots":{"index":"index","follow":"follow","max-snippet":"max-snippet:-1","max-image-preview":"max-image-preview:large","max-video-preview":"max-video-preview:-1"},"canonical":"https:\/\/girona.euses.cat\/es\/empieza-el-curso-academico-universitario-2023-2024-en-los-campus-de-salt-de-terres-de-lebre-y-de-bellvitge\/","og_locale":"es_ES","og_type":"article","og_title":"Empieza el curso acad\u00e9mico universitario 2023\/2024 en los Campus de Salt, de Terres de l\u2019Ebre y de Bellvitge | Euses - Campus de Salt (Girona)","og_description":"Hoy martes se ha iniciado el curso universitario 2023\/2024 en los tres campus de la Escola Universit\u00e0ria de la Salut i l\u2019Esport ubicados en Salt, en las Terres de l\u2019Ebre (Tortosa y Amposta) y en Bellvitge, donde se ha dado, en total, la bienvenida a m\u00e1s de 400 nuevos estudiantes que se han a\u00f1adido a [&hellip;]","og_url":"https:\/\/girona.euses.cat\/es\/empieza-el-curso-academico-universitario-2023-2024-en-los-campus-de-salt-de-terres-de-lebre-y-de-bellvitge\/","og_site_name":"Euses - Campus de Salt (Girona)","article_publisher":"https:\/\/www.facebook.com\/EUSESoficial","article_published_time":"2023-09-12T15:16:15+00:00","article_modified_time":"2023-09-12T15:17:03+00:00","og_image":[{"width":1984,"height":1488,"url":"https:\/\/girona.euses.cat\/wp-content\/uploads\/2023\/09\/CAFE1.jpg","type":"image\/jpeg"}],"author":"Jordi Danes","twitter_card":"summary_large_image","twitter_creator":"@EUSES_oficial","twitter_site":"@EUSES_oficial","twitter_misc":{"Escrito por":"Jordi Danes","Tiempo de lectura":"2 minutos"},"schema":{"@context":"https:\/\/schema.org","@graph":[{"@type":"Article","@id":"https:\/\/girona.euses.cat\/es\/empieza-el-curso-academico-universitario-2023-2024-en-los-campus-de-salt-de-terres-de-lebre-y-de-bellvitge\/#article","isPartOf":{"@id":"https:\/\/girona.euses.cat\/es\/empieza-el-curso-academico-universitario-2023-2024-en-los-campus-de-salt-de-terres-de-lebre-y-de-bellvitge\/"},"author":{"name":"Jordi Danes","@id":"https:\/\/girona.euses.cat\/#\/schema\/person\/568c4355480c07245f1bb8e29628a164"},"headline":"Empieza el curso acad\u00e9mico universitario 2023\/2024 en los Campus de Salt, de Terres de l\u2019Ebre y de Bellvitge","datePublished":"2023-09-12T15:16:15+00:00","dateModified":"2023-09-12T15:17:03+00:00","mainEntityOfPage":{"@id":"https:\/\/girona.euses.cat\/es\/empieza-el-curso-academico-universitario-2023-2024-en-los-campus-de-salt-de-terres-de-lebre-y-de-bellvitge\/"},"wordCount":285,"commentCount":0,"image":{"@id":"https:\/\/girona.euses.cat\/es\/empieza-el-curso-academico-universitario-2023-2024-en-los-campus-de-salt-de-terres-de-lebre-y-de-bellvitge\/#primaryimage"},"thumbnailUrl":"https:\/\/girona.euses.cat\/wp-content\/uploads\/2023\/09\/CAFE1.jpg","articleSection":["Fisioterapia EUSES-SALT","Centre Garb\u00ed","CAFyD EUSES-SALT"],"inLanguage":"es","potentialAction":[{"@type":"CommentAction","name":"Comment","target":["https:\/\/girona.euses.cat\/es\/empieza-el-curso-academico-universitario-2023-2024-en-los-campus-de-salt-de-terres-de-lebre-y-de-bellvitge\/#respond"]}]},{"@type":"WebPage","@id":"https:\/\/girona.euses.cat\/es\/empieza-el-curso-academico-universitario-2023-2024-en-los-campus-de-salt-de-terres-de-lebre-y-de-bellvitge\/","url":"https:\/\/girona.euses.cat\/es\/empieza-el-curso-academico-universitario-2023-2024-en-los-campus-de-salt-de-terres-de-lebre-y-de-bellvitge\/","name":"Empieza el curso acad\u00e9mico universitario 2023\/2024 en los Campus de Salt, de Terres de l\u2019Ebre y de Bellvitge | Euses - Campus de Salt (Girona)","isPartOf":{"@id":"https:\/\/girona.euses.cat\/#website"},"primaryImageOfPage":{"@id":"https:\/\/girona.euses.cat\/es\/empieza-el-curso-academico-universitario-2023-2024-en-los-campus-de-salt-de-terres-de-lebre-y-de-bellvitge\/#primaryimage"},"image":{"@id":"https:\/\/girona.euses.cat\/es\/empieza-el-curso-academico-universitario-2023-2024-en-los-campus-de-salt-de-terres-de-lebre-y-de-bellvitge\/#primaryimage"},"thumbnailUrl":"https:\/\/girona.euses.cat\/wp-content\/uploads\/2023\/09\/CAFE1.jpg","datePublished":"2023-09-12T15:16:15+00:00","dateModified":"2023-09-12T15:17:03+00:00","author":{"@id":"https:\/\/girona.euses.cat\/#\/schema\/person\/568c4355480c07245f1bb8e29628a164"},"breadcrumb":{"@id":"https:\/\/girona.euses.cat\/es\/empieza-el-curso-academico-universitario-2023-2024-en-los-campus-de-salt-de-terres-de-lebre-y-de-bellvitge\/#breadcrumb"},"inLanguage":"es","potentialAction":[{"@type":"ReadAction","target":["https:\/\/girona.euses.cat\/es\/empieza-el-curso-academico-universitario-2023-2024-en-los-campus-de-salt-de-terres-de-lebre-y-de-bellvitge\/"]}]},{"@type":"ImageObject","inLanguage":"es","@id":"https:\/\/girona.euses.cat\/es\/empieza-el-curso-academico-universitario-2023-2024-en-los-campus-de-salt-de-terres-de-lebre-y-de-bellvitge\/#primaryimage","url":"https:\/\/girona.euses.cat\/wp-content\/uploads\/2023\/09\/CAFE1.jpg","contentUrl":"https:\/\/girona.euses.cat\/wp-content\/uploads\/2023\/09\/CAFE1.jpg","width":1984,"height":1488},{"@type":"BreadcrumbList","@id":"https:\/\/girona.euses.cat\/es\/empieza-el-curso-academico-universitario-2023-2024-en-los-campus-de-salt-de-terres-de-lebre-y-de-bellvitge\/#breadcrumb","itemListElement":[{"@type":"ListItem","position":1,"name":"Portada","item":"https:\/\/girona.euses.cat\/es\/"},{"@type":"ListItem","position":2,"name":"Empieza el curso acad\u00e9mico universitario 2023\/2024 en los Campus de Salt, de Terres de l\u2019Ebre y de Bellvitge"}]},{"@type":"WebSite","@id":"https:\/\/girona.euses.cat\/#website","url":"https:\/\/girona.euses.cat\/","name":"Euses - Campus de Salt (Girona)","description":"EUSES, Escola Universit\u00e0ria de Fisioter\u00e0pia i CAFE","potentialAction":[{"@type":"SearchAction","target":{"@type":"EntryPoint","urlTemplate":"https:\/\/girona.euses.cat\/?s={search_term_string}"},"query-input":{"@type":"PropertyValueSpecification","valueRequired":true,"valueName":"search_term_string"}}],"inLanguage":"es"},{"@type":"Person","@id":"https:\/\/girona.euses.cat\/#\/schema\/person\/568c4355480c07245f1bb8e29628a164","name":"Jordi Danes","image":{"@type":"ImageObject","inLanguage":"es","@id":"https:\/\/secure.gravatar.com\/avatar\/a9e4f443b594af225625ee8cfa665e41b1e0740ea34fbe0515b4ca559f8570ef?s=96&d=mm&r=g","url":"https:\/\/secure.gravatar.com\/avatar\/a9e4f443b594af225625ee8cfa665e41b1e0740ea34fbe0515b4ca559f8570ef?s=96&d=mm&r=g","contentUrl":"https:\/\/secure.gravatar.com\/avatar\/a9e4f443b594af225625ee8cfa665e41b1e0740ea34fbe0515b4ca559f8570ef?s=96&d=mm&r=g","caption":"Jordi Danes"}}]}},"_links":{"self":[{"href":"https:\/\/girona.euses.cat\/es\/wp-json\/wp\/v2\/posts\/98673","targetHints":{"allow":["GET"]}}],"collection":[{"href":"https:\/\/girona.euses.cat\/es\/wp-json\/wp\/v2\/posts"}],"about":[{"href":"https:\/\/girona.euses.cat\/es\/wp-json\/wp\/v2\/types\/post"}],"author":[{"embeddable":true,"href":"https:\/\/girona.euses.cat\/es\/wp-json\/wp\/v2\/users\/2"}],"replies":[{"embeddable":true,"href":"https:\/\/girona.euses.cat\/es\/wp-json\/wp\/v2\/comments?post=98673"}],"version-history":[{"count":2,"href":"https:\/\/girona.euses.cat\/es\/wp-json\/wp\/v2\/posts\/98673\/revisions"}],"predecessor-version":[{"id":98675,"href":"https:\/\/girona.euses.cat\/es\/wp-json\/wp\/v2\/posts\/98673\/revisions\/98675"}],"wp:featuredmedia":[{"embeddable":true,"href":"https:\/\/girona.euses.cat\/es\/wp-json\/wp\/v2\/media\/98658"}],"wp:attachment":[{"href":"https:\/\/girona.euses.cat\/es\/wp-json\/wp\/v2\/media?parent=98673"}],"wp:term":[{"taxonomy":"category","embeddable":true,"href":"https:\/\/girona.euses.cat\/es\/wp-json\/wp\/v2\/categories?post=98673"},{"taxonomy":"post_tag","embeddable":true,"href":"https:\/\/girona.euses.cat\/es\/wp-json\/wp\/v2\/tags?post=98673"}],"curies":[{"name":"wp","href":"https:\/\/api.w.org\/{rel}","templated":true}]}}