{"id":98429,"date":"2023-07-14T14:14:45","date_gmt":"2023-07-14T12:14:45","guid":{"rendered":"https:\/\/girona.euses.cat\/?p=98429"},"modified":"2023-07-14T14:25:51","modified_gmt":"2023-07-14T12:25:51","slug":"abierto-el-periodo-de-matriculaciones-para-los-grados-universitarios-en-los-campus-de-salt-terres-de-lebre-y-bellvitge","status":"publish","type":"post","link":"https:\/\/girona.euses.cat\/es\/abierto-el-periodo-de-matriculaciones-para-los-grados-universitarios-en-los-campus-de-salt-terres-de-lebre-y-bellvitge\/","title":{"rendered":"Abierto el periodo de matriculaciones para los grados universitarios en los campus de Salt, Terres de l\u2019Ebre y Bellvitge"},"content":{"rendered":"<p>Este viernes se ha abierto el periodo de matriculaci\u00f3n para el curso acad\u00e9mico 2022\/23 en los campus de Salt, Terres de l\u2019Ebre y Bellvitge. En todas las sedes de la Escola Universit\u00e0ria de la Salut i l\u2019Esport, la actividad para la inscripci\u00f3n para los alumnos que se sumar\u00e1n a partir de septiembre a la familia de EUSES ha sido muy intensa. Adem\u00e1s de este viernes, los otros d\u00edas de matriculaciones asignados son el lunes 17, el martes 18 y el mi\u00e9rcoles 19. En el Campus de Salt y de Terres de l\u2019Ebre, los grados que se ofrecen son el de Fisioterapia, Ciencias de la Actividad F\u00edsica y del Deporte y la Doble Titulaci\u00f3n (CAFyD + Fisioterapia); mientras que en Bellvitge se imparte el Grado en Fisioterapia Internacional, que se hace \u00edntegramente en lengua inglesa.<\/p>\n\n\t\t<style>\n\t\t\t#gallery-1 {\n\t\t\t\tmargin: auto;\n\t\t\t}\n\t\t\t#gallery-1 .gallery-item {\n\t\t\t\tfloat: left;\n\t\t\t\tmargin-top: 10px;\n\t\t\t\ttext-align: center;\n\t\t\t\twidth: 33%;\n\t\t\t}\n\t\t\t#gallery-1 img {\n\t\t\t\tborder: 2px solid #cfcfcf;\n\t\t\t}\n\t\t\t#gallery-1 .gallery-caption {\n\t\t\t\tmargin-left: 0;\n\t\t\t}\n\t\t\t\/* see gallery_shortcode() in wp-includes\/media.php *\/\n\t\t<\/style>\n\t\t<div id='gallery-1' class='gallery galleryid-98429 gallery-columns-3 gallery-size-medium'><dl class='gallery-item'>\n\t\t\t<dt class='gallery-icon landscape'>\n\t\t\t\t<a href='https:\/\/girona.euses.cat\/es\/abierto-el-periodo-de-matriculaciones-para-los-grados-universitarios-en-los-campus-de-salt-terres-de-lebre-y-bellvitge\/matriculacions-23_24-salt-10-2\/'><img loading=\"lazy\" decoding=\"async\" width=\"300\" height=\"225\" src=\"https:\/\/girona.euses.cat\/wp-content\/uploads\/2023\/07\/Matriculacions-23_24-Salt-10-300x225.jpeg\" class=\"attachment-medium size-medium\" alt=\"\" srcset=\"https:\/\/girona.euses.cat\/wp-content\/uploads\/2023\/07\/Matriculacions-23_24-Salt-10-300x225.jpeg 300w, https:\/\/girona.euses.cat\/wp-content\/uploads\/2023\/07\/Matriculacions-23_24-Salt-10-1024x769.jpeg 1024w, https:\/\/girona.euses.cat\/wp-content\/uploads\/2023\/07\/Matriculacions-23_24-Salt-10-768x576.jpeg 768w, https:\/\/girona.euses.cat\/wp-content\/uploads\/2023\/07\/Matriculacions-23_24-Salt-10-1536x1153.jpeg 1536w, https:\/\/girona.euses.cat\/wp-content\/uploads\/2023\/07\/Matriculacions-23_24-Salt-10-266x200.jpeg 266w, https:\/\/girona.euses.cat\/wp-content\/uploads\/2023\/07\/Matriculacions-23_24-Salt-10-700x525.jpeg 700w, https:\/\/girona.euses.cat\/wp-content\/uploads\/2023\/07\/Matriculacions-23_24-Salt-10.jpeg 2048w\" sizes=\"auto, (max-width: 300px) 100vw, 300px\" \/><\/a>\n\t\t\t<\/dt><\/dl><dl class='gallery-item'>\n\t\t\t<dt class='gallery-icon landscape'>\n\t\t\t\t<a href='https:\/\/girona.euses.cat\/es\/abierto-el-periodo-de-matriculaciones-para-los-grados-universitarios-en-los-campus-de-salt-terres-de-lebre-y-bellvitge\/matriculacions-23_24-salt-9-2\/'><img loading=\"lazy\" decoding=\"async\" width=\"300\" height=\"225\" src=\"https:\/\/girona.euses.cat\/wp-content\/uploads\/2023\/07\/Matriculacions-23_24-Salt-9-300x225.jpeg\" class=\"attachment-medium size-medium\" alt=\"\" srcset=\"https:\/\/girona.euses.cat\/wp-content\/uploads\/2023\/07\/Matriculacions-23_24-Salt-9-300x225.jpeg 300w, https:\/\/girona.euses.cat\/wp-content\/uploads\/2023\/07\/Matriculacions-23_24-Salt-9-1024x769.jpeg 1024w, https:\/\/girona.euses.cat\/wp-content\/uploads\/2023\/07\/Matriculacions-23_24-Salt-9-768x576.jpeg 768w, https:\/\/girona.euses.cat\/wp-content\/uploads\/2023\/07\/Matriculacions-23_24-Salt-9-1536x1153.jpeg 1536w, https:\/\/girona.euses.cat\/wp-content\/uploads\/2023\/07\/Matriculacions-23_24-Salt-9-266x200.jpeg 266w, https:\/\/girona.euses.cat\/wp-content\/uploads\/2023\/07\/Matriculacions-23_24-Salt-9-700x525.jpeg 700w, https:\/\/girona.euses.cat\/wp-content\/uploads\/2023\/07\/Matriculacions-23_24-Salt-9.jpeg 2048w\" sizes=\"auto, (max-width: 300px) 100vw, 300px\" \/><\/a>\n\t\t\t<\/dt><\/dl><dl class='gallery-item'>\n\t\t\t<dt class='gallery-icon landscape'>\n\t\t\t\t<a href='https:\/\/girona.euses.cat\/es\/abierto-el-periodo-de-matriculaciones-para-los-grados-universitarios-en-los-campus-de-salt-terres-de-lebre-y-bellvitge\/matriculacions-23_24-salt-8-2\/'><img loading=\"lazy\" decoding=\"async\" width=\"300\" height=\"225\" src=\"https:\/\/girona.euses.cat\/wp-content\/uploads\/2023\/07\/Matriculacions-23_24-Salt-8-300x225.jpeg\" class=\"attachment-medium size-medium\" alt=\"\" srcset=\"https:\/\/girona.euses.cat\/wp-content\/uploads\/2023\/07\/Matriculacions-23_24-Salt-8-300x225.jpeg 300w, https:\/\/girona.euses.cat\/wp-content\/uploads\/2023\/07\/Matriculacions-23_24-Salt-8-1024x769.jpeg 1024w, https:\/\/girona.euses.cat\/wp-content\/uploads\/2023\/07\/Matriculacions-23_24-Salt-8-768x576.jpeg 768w, https:\/\/girona.euses.cat\/wp-content\/uploads\/2023\/07\/Matriculacions-23_24-Salt-8-1536x1153.jpeg 1536w, https:\/\/girona.euses.cat\/wp-content\/uploads\/2023\/07\/Matriculacions-23_24-Salt-8-266x200.jpeg 266w, https:\/\/girona.euses.cat\/wp-content\/uploads\/2023\/07\/Matriculacions-23_24-Salt-8-700x525.jpeg 700w, https:\/\/girona.euses.cat\/wp-content\/uploads\/2023\/07\/Matriculacions-23_24-Salt-8.jpeg 2048w\" sizes=\"auto, (max-width: 300px) 100vw, 300px\" \/><\/a>\n\t\t\t<\/dt><\/dl><br style=\"clear: both\" \/><dl class='gallery-item'>\n\t\t\t<dt class='gallery-icon landscape'>\n\t\t\t\t<a href='https:\/\/girona.euses.cat\/es\/abierto-el-periodo-de-matriculaciones-para-los-grados-universitarios-en-los-campus-de-salt-terres-de-lebre-y-bellvitge\/matriculacions-23_24-salt-6-2\/'><img loading=\"lazy\" decoding=\"async\" width=\"300\" height=\"225\" src=\"https:\/\/girona.euses.cat\/wp-content\/uploads\/2023\/07\/Matriculacions-23_24-Salt-6-300x225.jpeg\" class=\"attachment-medium size-medium\" alt=\"\" srcset=\"https:\/\/girona.euses.cat\/wp-content\/uploads\/2023\/07\/Matriculacions-23_24-Salt-6-300x225.jpeg 300w, https:\/\/girona.euses.cat\/wp-content\/uploads\/2023\/07\/Matriculacions-23_24-Salt-6-1024x769.jpeg 1024w, https:\/\/girona.euses.cat\/wp-content\/uploads\/2023\/07\/Matriculacions-23_24-Salt-6-768x576.jpeg 768w, https:\/\/girona.euses.cat\/wp-content\/uploads\/2023\/07\/Matriculacions-23_24-Salt-6-1536x1153.jpeg 1536w, https:\/\/girona.euses.cat\/wp-content\/uploads\/2023\/07\/Matriculacions-23_24-Salt-6-266x200.jpeg 266w, https:\/\/girona.euses.cat\/wp-content\/uploads\/2023\/07\/Matriculacions-23_24-Salt-6-700x525.jpeg 700w, https:\/\/girona.euses.cat\/wp-content\/uploads\/2023\/07\/Matriculacions-23_24-Salt-6.jpeg 2048w\" sizes=\"auto, (max-width: 300px) 100vw, 300px\" \/><\/a>\n\t\t\t<\/dt><\/dl><dl class='gallery-item'>\n\t\t\t<dt class='gallery-icon landscape'>\n\t\t\t\t<a href='https:\/\/girona.euses.cat\/es\/abierto-el-periodo-de-matriculaciones-para-los-grados-universitarios-en-los-campus-de-salt-terres-de-lebre-y-bellvitge\/matriculacions-23_24-salt-5-2\/'><img loading=\"lazy\" decoding=\"async\" width=\"300\" height=\"225\" src=\"https:\/\/girona.euses.cat\/wp-content\/uploads\/2023\/07\/Matriculacions-23_24-Salt-5-300x225.jpeg\" class=\"attachment-medium size-medium\" alt=\"\" srcset=\"https:\/\/girona.euses.cat\/wp-content\/uploads\/2023\/07\/Matriculacions-23_24-Salt-5-300x225.jpeg 300w, https:\/\/girona.euses.cat\/wp-content\/uploads\/2023\/07\/Matriculacions-23_24-Salt-5-1024x769.jpeg 1024w, https:\/\/girona.euses.cat\/wp-content\/uploads\/2023\/07\/Matriculacions-23_24-Salt-5-768x576.jpeg 768w, https:\/\/girona.euses.cat\/wp-content\/uploads\/2023\/07\/Matriculacions-23_24-Salt-5-1536x1153.jpeg 1536w, https:\/\/girona.euses.cat\/wp-content\/uploads\/2023\/07\/Matriculacions-23_24-Salt-5-266x200.jpeg 266w, https:\/\/girona.euses.cat\/wp-content\/uploads\/2023\/07\/Matriculacions-23_24-Salt-5-700x525.jpeg 700w, https:\/\/girona.euses.cat\/wp-content\/uploads\/2023\/07\/Matriculacions-23_24-Salt-5.jpeg 2048w\" sizes=\"auto, (max-width: 300px) 100vw, 300px\" \/><\/a>\n\t\t\t<\/dt><\/dl><dl class='gallery-item'>\n\t\t\t<dt class='gallery-icon landscape'>\n\t\t\t\t<a href='https:\/\/girona.euses.cat\/es\/abierto-el-periodo-de-matriculaciones-para-los-grados-universitarios-en-los-campus-de-salt-terres-de-lebre-y-bellvitge\/matriculacions-23_24-salt-4-2\/'><img loading=\"lazy\" decoding=\"async\" width=\"300\" height=\"225\" src=\"https:\/\/girona.euses.cat\/wp-content\/uploads\/2023\/07\/Matriculacions-23_24-Salt-4-300x225.jpeg\" class=\"attachment-medium size-medium\" alt=\"\" srcset=\"https:\/\/girona.euses.cat\/wp-content\/uploads\/2023\/07\/Matriculacions-23_24-Salt-4-300x225.jpeg 300w, https:\/\/girona.euses.cat\/wp-content\/uploads\/2023\/07\/Matriculacions-23_24-Salt-4-1024x769.jpeg 1024w, https:\/\/girona.euses.cat\/wp-content\/uploads\/2023\/07\/Matriculacions-23_24-Salt-4-768x576.jpeg 768w, https:\/\/girona.euses.cat\/wp-content\/uploads\/2023\/07\/Matriculacions-23_24-Salt-4-1536x1153.jpeg 1536w, https:\/\/girona.euses.cat\/wp-content\/uploads\/2023\/07\/Matriculacions-23_24-Salt-4-266x200.jpeg 266w, https:\/\/girona.euses.cat\/wp-content\/uploads\/2023\/07\/Matriculacions-23_24-Salt-4-700x525.jpeg 700w, https:\/\/girona.euses.cat\/wp-content\/uploads\/2023\/07\/Matriculacions-23_24-Salt-4.jpeg 2048w\" sizes=\"auto, (max-width: 300px) 100vw, 300px\" \/><\/a>\n\t\t\t<\/dt><\/dl><br style=\"clear: both\" \/><dl class='gallery-item'>\n\t\t\t<dt class='gallery-icon landscape'>\n\t\t\t\t<a href='https:\/\/girona.euses.cat\/es\/abierto-el-periodo-de-matriculaciones-para-los-grados-universitarios-en-los-campus-de-salt-terres-de-lebre-y-bellvitge\/matriculacions-23_24-salt-3-2\/'><img loading=\"lazy\" decoding=\"async\" width=\"300\" height=\"225\" src=\"https:\/\/girona.euses.cat\/wp-content\/uploads\/2023\/07\/Matriculacions-23_24-Salt-3-300x225.jpeg\" class=\"attachment-medium size-medium\" alt=\"\" srcset=\"https:\/\/girona.euses.cat\/wp-content\/uploads\/2023\/07\/Matriculacions-23_24-Salt-3-300x225.jpeg 300w, https:\/\/girona.euses.cat\/wp-content\/uploads\/2023\/07\/Matriculacions-23_24-Salt-3-1024x769.jpeg 1024w, https:\/\/girona.euses.cat\/wp-content\/uploads\/2023\/07\/Matriculacions-23_24-Salt-3-768x576.jpeg 768w, https:\/\/girona.euses.cat\/wp-content\/uploads\/2023\/07\/Matriculacions-23_24-Salt-3-1536x1153.jpeg 1536w, https:\/\/girona.euses.cat\/wp-content\/uploads\/2023\/07\/Matriculacions-23_24-Salt-3-266x200.jpeg 266w, https:\/\/girona.euses.cat\/wp-content\/uploads\/2023\/07\/Matriculacions-23_24-Salt-3-700x525.jpeg 700w, https:\/\/girona.euses.cat\/wp-content\/uploads\/2023\/07\/Matriculacions-23_24-Salt-3.jpeg 2048w\" sizes=\"auto, (max-width: 300px) 100vw, 300px\" \/><\/a>\n\t\t\t<\/dt><\/dl><dl class='gallery-item'>\n\t\t\t<dt class='gallery-icon landscape'>\n\t\t\t\t<a href='https:\/\/girona.euses.cat\/es\/abierto-el-periodo-de-matriculaciones-para-los-grados-universitarios-en-los-campus-de-salt-terres-de-lebre-y-bellvitge\/matriculacions-23_24-salt-2-2\/'><img loading=\"lazy\" decoding=\"async\" width=\"300\" height=\"225\" src=\"https:\/\/girona.euses.cat\/wp-content\/uploads\/2023\/07\/Matriculacions-23_24-Salt-2-300x225.jpeg\" class=\"attachment-medium size-medium\" alt=\"\" srcset=\"https:\/\/girona.euses.cat\/wp-content\/uploads\/2023\/07\/Matriculacions-23_24-Salt-2-300x225.jpeg 300w, https:\/\/girona.euses.cat\/wp-content\/uploads\/2023\/07\/Matriculacions-23_24-Salt-2-1024x769.jpeg 1024w, https:\/\/girona.euses.cat\/wp-content\/uploads\/2023\/07\/Matriculacions-23_24-Salt-2-768x576.jpeg 768w, https:\/\/girona.euses.cat\/wp-content\/uploads\/2023\/07\/Matriculacions-23_24-Salt-2-1536x1153.jpeg 1536w, https:\/\/girona.euses.cat\/wp-content\/uploads\/2023\/07\/Matriculacions-23_24-Salt-2-266x200.jpeg 266w, https:\/\/girona.euses.cat\/wp-content\/uploads\/2023\/07\/Matriculacions-23_24-Salt-2-700x525.jpeg 700w, https:\/\/girona.euses.cat\/wp-content\/uploads\/2023\/07\/Matriculacions-23_24-Salt-2.jpeg 2048w\" sizes=\"auto, (max-width: 300px) 100vw, 300px\" \/><\/a>\n\t\t\t<\/dt><\/dl><dl class='gallery-item'>\n\t\t\t<dt class='gallery-icon landscape'>\n\t\t\t\t<a href='https:\/\/girona.euses.cat\/es\/abierto-el-periodo-de-matriculaciones-para-los-grados-universitarios-en-los-campus-de-salt-terres-de-lebre-y-bellvitge\/matriculacions-23_24-salt-1-2\/'><img loading=\"lazy\" decoding=\"async\" width=\"300\" height=\"225\" src=\"https:\/\/girona.euses.cat\/wp-content\/uploads\/2023\/07\/Matriculacions-23_24-Salt-1-300x225.jpeg\" class=\"attachment-medium size-medium\" alt=\"\" srcset=\"https:\/\/girona.euses.cat\/wp-content\/uploads\/2023\/07\/Matriculacions-23_24-Salt-1-300x225.jpeg 300w, https:\/\/girona.euses.cat\/wp-content\/uploads\/2023\/07\/Matriculacions-23_24-Salt-1-1024x769.jpeg 1024w, https:\/\/girona.euses.cat\/wp-content\/uploads\/2023\/07\/Matriculacions-23_24-Salt-1-768x576.jpeg 768w, https:\/\/girona.euses.cat\/wp-content\/uploads\/2023\/07\/Matriculacions-23_24-Salt-1-1536x1153.jpeg 1536w, https:\/\/girona.euses.cat\/wp-content\/uploads\/2023\/07\/Matriculacions-23_24-Salt-1-266x200.jpeg 266w, https:\/\/girona.euses.cat\/wp-content\/uploads\/2023\/07\/Matriculacions-23_24-Salt-1-700x525.jpeg 700w, https:\/\/girona.euses.cat\/wp-content\/uploads\/2023\/07\/Matriculacions-23_24-Salt-1.jpeg 1600w\" sizes=\"auto, (max-width: 300px) 100vw, 300px\" \/><\/a>\n\t\t\t<\/dt><\/dl><br style=\"clear: both\" \/>\n\t\t<\/div>\n\n","protected":false},"excerpt":{"rendered":"<p>Este viernes se ha abierto el periodo de matriculaci\u00f3n para el curso acad\u00e9mico 2022\/23 en los campus de Salt, Terres de l\u2019Ebre y Bellvitge. En todas las sedes de la Escola Universit\u00e0ria de la Salut i l\u2019Esport, la actividad para la inscripci\u00f3n para los alumnos que se sumar\u00e1n a partir de septiembre a la familia [&hellip;]<\/p>\n","protected":false},"author":2,"featured_media":98427,"comment_status":"open","ping_status":"closed","sticky":false,"template":"","format":"standard","meta":{"_acf_changed":false,"inline_featured_image":false,"ngg_post_thumbnail":0,"footnotes":""},"categories":[48,49],"tags":[],"class_list":["post-98429","post","type-post","status-publish","format-standard","has-post-thumbnail","hentry","category-cafyd-salt-es","category-fisio-salt-es"],"acf":[],"yoast_head":"<!-- This site is optimized with the Yoast SEO plugin v28.3 - https:\/\/yoast.com\/product\/yoast-seo-wordpress\/ -->\n<title>Abierto el periodo de matriculaciones para los grados universitarios en los campus de Salt, Terres de l\u2019Ebre y Bellvitge | Euses - Campus de Salt (Girona)<\/title>\n<meta name=\"robots\" content=\"index, follow, max-snippet:-1, max-image-preview:large, max-video-preview:-1\" \/>\n<link rel=\"canonical\" href=\"https:\/\/girona.euses.cat\/es\/abierto-el-periodo-de-matriculaciones-para-los-grados-universitarios-en-los-campus-de-salt-terres-de-lebre-y-bellvitge\/\" \/>\n<meta property=\"og:locale\" content=\"es_ES\" \/>\n<meta property=\"og:type\" content=\"article\" \/>\n<meta property=\"og:title\" content=\"Abierto el periodo de matriculaciones para los grados universitarios en los campus de Salt, Terres de l\u2019Ebre y Bellvitge | Euses - Campus de Salt (Girona)\" \/>\n<meta property=\"og:description\" content=\"Este viernes se ha abierto el periodo de matriculaci\u00f3n para el curso acad\u00e9mico 2022\/23 en los campus de Salt, Terres de l\u2019Ebre y Bellvitge. En todas las sedes de la Escola Universit\u00e0ria de la Salut i l\u2019Esport, la actividad para la inscripci\u00f3n para los alumnos que se sumar\u00e1n a partir de septiembre a la familia [&hellip;]\" \/>\n<meta property=\"og:url\" content=\"https:\/\/girona.euses.cat\/es\/abierto-el-periodo-de-matriculaciones-para-los-grados-universitarios-en-los-campus-de-salt-terres-de-lebre-y-bellvitge\/\" \/>\n<meta property=\"og:site_name\" content=\"Euses - Campus de Salt (Girona)\" \/>\n<meta property=\"article:publisher\" content=\"https:\/\/www.facebook.com\/EUSESoficial\" \/>\n<meta property=\"article:published_time\" content=\"2023-07-14T12:14:45+00:00\" \/>\n<meta property=\"article:modified_time\" content=\"2023-07-14T12:25:51+00:00\" \/>\n<meta property=\"og:image\" content=\"https:\/\/girona.euses.cat\/wp-content\/uploads\/2023\/07\/Matriculacions-23_24-Salt-7.jpeg\" \/>\n\t<meta property=\"og:image:width\" content=\"2048\" \/>\n\t<meta property=\"og:image:height\" content=\"1537\" \/>\n\t<meta property=\"og:image:type\" content=\"image\/jpeg\" \/>\n<meta name=\"author\" content=\"Jordi Danes\" \/>\n<meta name=\"twitter:card\" content=\"summary_large_image\" \/>\n<meta name=\"twitter:creator\" content=\"@EUSES_oficial\" \/>\n<meta name=\"twitter:site\" content=\"@EUSES_oficial\" \/>\n<meta name=\"twitter:label1\" content=\"Escrito por\" \/>\n\t<meta name=\"twitter:data1\" content=\"Jordi Danes\" \/>\n\t<meta name=\"twitter:label2\" content=\"Tiempo de lectura\" \/>\n\t<meta name=\"twitter:data2\" content=\"1 minuto\" \/>\n<script type=\"application\/ld+json\" class=\"yoast-schema-graph\">{\"@context\":\"https:\\\/\\\/schema.org\",\"@graph\":[{\"@type\":\"Article\",\"@id\":\"https:\\\/\\\/girona.euses.cat\\\/es\\\/abierto-el-periodo-de-matriculaciones-para-los-grados-universitarios-en-los-campus-de-salt-terres-de-lebre-y-bellvitge\\\/#article\",\"isPartOf\":{\"@id\":\"https:\\\/\\\/girona.euses.cat\\\/es\\\/abierto-el-periodo-de-matriculaciones-para-los-grados-universitarios-en-los-campus-de-salt-terres-de-lebre-y-bellvitge\\\/\"},\"author\":{\"name\":\"Jordi Danes\",\"@id\":\"https:\\\/\\\/girona.euses.cat\\\/#\\\/schema\\\/person\\\/568c4355480c07245f1bb8e29628a164\"},\"headline\":\"Abierto el periodo de matriculaciones para los grados universitarios en los campus de Salt, Terres de l\u2019Ebre y Bellvitge\",\"datePublished\":\"2023-07-14T12:14:45+00:00\",\"dateModified\":\"2023-07-14T12:25:51+00:00\",\"mainEntityOfPage\":{\"@id\":\"https:\\\/\\\/girona.euses.cat\\\/es\\\/abierto-el-periodo-de-matriculaciones-para-los-grados-universitarios-en-los-campus-de-salt-terres-de-lebre-y-bellvitge\\\/\"},\"wordCount\":166,\"commentCount\":0,\"image\":{\"@id\":\"https:\\\/\\\/girona.euses.cat\\\/es\\\/abierto-el-periodo-de-matriculaciones-para-los-grados-universitarios-en-los-campus-de-salt-terres-de-lebre-y-bellvitge\\\/#primaryimage\"},\"thumbnailUrl\":\"https:\\\/\\\/girona.euses.cat\\\/wp-content\\\/uploads\\\/2023\\\/07\\\/Matriculacions-23_24-Salt-7.jpeg\",\"articleSection\":[\"CAFyD EUSES-SALT\",\"Fisioterapia EUSES-SALT\"],\"inLanguage\":\"es\",\"potentialAction\":[{\"@type\":\"CommentAction\",\"name\":\"Comment\",\"target\":[\"https:\\\/\\\/girona.euses.cat\\\/es\\\/abierto-el-periodo-de-matriculaciones-para-los-grados-universitarios-en-los-campus-de-salt-terres-de-lebre-y-bellvitge\\\/#respond\"]}]},{\"@type\":\"WebPage\",\"@id\":\"https:\\\/\\\/girona.euses.cat\\\/es\\\/abierto-el-periodo-de-matriculaciones-para-los-grados-universitarios-en-los-campus-de-salt-terres-de-lebre-y-bellvitge\\\/\",\"url\":\"https:\\\/\\\/girona.euses.cat\\\/es\\\/abierto-el-periodo-de-matriculaciones-para-los-grados-universitarios-en-los-campus-de-salt-terres-de-lebre-y-bellvitge\\\/\",\"name\":\"Abierto el periodo de matriculaciones para los grados universitarios en los campus de Salt, Terres de l\u2019Ebre y Bellvitge | Euses - Campus de Salt (Girona)\",\"isPartOf\":{\"@id\":\"https:\\\/\\\/girona.euses.cat\\\/#website\"},\"primaryImageOfPage\":{\"@id\":\"https:\\\/\\\/girona.euses.cat\\\/es\\\/abierto-el-periodo-de-matriculaciones-para-los-grados-universitarios-en-los-campus-de-salt-terres-de-lebre-y-bellvitge\\\/#primaryimage\"},\"image\":{\"@id\":\"https:\\\/\\\/girona.euses.cat\\\/es\\\/abierto-el-periodo-de-matriculaciones-para-los-grados-universitarios-en-los-campus-de-salt-terres-de-lebre-y-bellvitge\\\/#primaryimage\"},\"thumbnailUrl\":\"https:\\\/\\\/girona.euses.cat\\\/wp-content\\\/uploads\\\/2023\\\/07\\\/Matriculacions-23_24-Salt-7.jpeg\",\"datePublished\":\"2023-07-14T12:14:45+00:00\",\"dateModified\":\"2023-07-14T12:25:51+00:00\",\"author\":{\"@id\":\"https:\\\/\\\/girona.euses.cat\\\/#\\\/schema\\\/person\\\/568c4355480c07245f1bb8e29628a164\"},\"breadcrumb\":{\"@id\":\"https:\\\/\\\/girona.euses.cat\\\/es\\\/abierto-el-periodo-de-matriculaciones-para-los-grados-universitarios-en-los-campus-de-salt-terres-de-lebre-y-bellvitge\\\/#breadcrumb\"},\"inLanguage\":\"es\",\"potentialAction\":[{\"@type\":\"ReadAction\",\"target\":[\"https:\\\/\\\/girona.euses.cat\\\/es\\\/abierto-el-periodo-de-matriculaciones-para-los-grados-universitarios-en-los-campus-de-salt-terres-de-lebre-y-bellvitge\\\/\"]}]},{\"@type\":\"ImageObject\",\"inLanguage\":\"es\",\"@id\":\"https:\\\/\\\/girona.euses.cat\\\/es\\\/abierto-el-periodo-de-matriculaciones-para-los-grados-universitarios-en-los-campus-de-salt-terres-de-lebre-y-bellvitge\\\/#primaryimage\",\"url\":\"https:\\\/\\\/girona.euses.cat\\\/wp-content\\\/uploads\\\/2023\\\/07\\\/Matriculacions-23_24-Salt-7.jpeg\",\"contentUrl\":\"https:\\\/\\\/girona.euses.cat\\\/wp-content\\\/uploads\\\/2023\\\/07\\\/Matriculacions-23_24-Salt-7.jpeg\",\"width\":2048,\"height\":1537},{\"@type\":\"BreadcrumbList\",\"@id\":\"https:\\\/\\\/girona.euses.cat\\\/es\\\/abierto-el-periodo-de-matriculaciones-para-los-grados-universitarios-en-los-campus-de-salt-terres-de-lebre-y-bellvitge\\\/#breadcrumb\",\"itemListElement\":[{\"@type\":\"ListItem\",\"position\":1,\"name\":\"Portada\",\"item\":\"https:\\\/\\\/girona.euses.cat\\\/es\\\/\"},{\"@type\":\"ListItem\",\"position\":2,\"name\":\"Abierto el periodo de matriculaciones para los grados universitarios en los campus de Salt, Terres de l\u2019Ebre y Bellvitge\"}]},{\"@type\":\"WebSite\",\"@id\":\"https:\\\/\\\/girona.euses.cat\\\/#website\",\"url\":\"https:\\\/\\\/girona.euses.cat\\\/\",\"name\":\"Euses - Campus de Salt (Girona)\",\"description\":\"EUSES, Escola Universit\u00e0ria de Fisioter\u00e0pia i CAFE\",\"potentialAction\":[{\"@type\":\"SearchAction\",\"target\":{\"@type\":\"EntryPoint\",\"urlTemplate\":\"https:\\\/\\\/girona.euses.cat\\\/?s={search_term_string}\"},\"query-input\":{\"@type\":\"PropertyValueSpecification\",\"valueRequired\":true,\"valueName\":\"search_term_string\"}}],\"inLanguage\":\"es\"},{\"@type\":\"Person\",\"@id\":\"https:\\\/\\\/girona.euses.cat\\\/#\\\/schema\\\/person\\\/568c4355480c07245f1bb8e29628a164\",\"name\":\"Jordi Danes\",\"image\":{\"@type\":\"ImageObject\",\"inLanguage\":\"es\",\"@id\":\"https:\\\/\\\/secure.gravatar.com\\\/avatar\\\/a9e4f443b594af225625ee8cfa665e41b1e0740ea34fbe0515b4ca559f8570ef?s=96&d=mm&r=g\",\"url\":\"https:\\\/\\\/secure.gravatar.com\\\/avatar\\\/a9e4f443b594af225625ee8cfa665e41b1e0740ea34fbe0515b4ca559f8570ef?s=96&d=mm&r=g\",\"contentUrl\":\"https:\\\/\\\/secure.gravatar.com\\\/avatar\\\/a9e4f443b594af225625ee8cfa665e41b1e0740ea34fbe0515b4ca559f8570ef?s=96&d=mm&r=g\",\"caption\":\"Jordi Danes\"}}]}<\/script>\n<!-- \/ Yoast SEO plugin. -->","yoast_head_json":{"title":"Abierto el periodo de matriculaciones para los grados universitarios en los campus de Salt, Terres de l\u2019Ebre y Bellvitge | Euses - Campus de Salt (Girona)","robots":{"index":"index","follow":"follow","max-snippet":"max-snippet:-1","max-image-preview":"max-image-preview:large","max-video-preview":"max-video-preview:-1"},"canonical":"https:\/\/girona.euses.cat\/es\/abierto-el-periodo-de-matriculaciones-para-los-grados-universitarios-en-los-campus-de-salt-terres-de-lebre-y-bellvitge\/","og_locale":"es_ES","og_type":"article","og_title":"Abierto el periodo de matriculaciones para los grados universitarios en los campus de Salt, Terres de l\u2019Ebre y Bellvitge | Euses - Campus de Salt (Girona)","og_description":"Este viernes se ha abierto el periodo de matriculaci\u00f3n para el curso acad\u00e9mico 2022\/23 en los campus de Salt, Terres de l\u2019Ebre y Bellvitge. En todas las sedes de la Escola Universit\u00e0ria de la Salut i l\u2019Esport, la actividad para la inscripci\u00f3n para los alumnos que se sumar\u00e1n a partir de septiembre a la familia [&hellip;]","og_url":"https:\/\/girona.euses.cat\/es\/abierto-el-periodo-de-matriculaciones-para-los-grados-universitarios-en-los-campus-de-salt-terres-de-lebre-y-bellvitge\/","og_site_name":"Euses - Campus de Salt (Girona)","article_publisher":"https:\/\/www.facebook.com\/EUSESoficial","article_published_time":"2023-07-14T12:14:45+00:00","article_modified_time":"2023-07-14T12:25:51+00:00","og_image":[{"width":2048,"height":1537,"url":"https:\/\/girona.euses.cat\/wp-content\/uploads\/2023\/07\/Matriculacions-23_24-Salt-7.jpeg","type":"image\/jpeg"}],"author":"Jordi Danes","twitter_card":"summary_large_image","twitter_creator":"@EUSES_oficial","twitter_site":"@EUSES_oficial","twitter_misc":{"Escrito por":"Jordi Danes","Tiempo de lectura":"1 minuto"},"schema":{"@context":"https:\/\/schema.org","@graph":[{"@type":"Article","@id":"https:\/\/girona.euses.cat\/es\/abierto-el-periodo-de-matriculaciones-para-los-grados-universitarios-en-los-campus-de-salt-terres-de-lebre-y-bellvitge\/#article","isPartOf":{"@id":"https:\/\/girona.euses.cat\/es\/abierto-el-periodo-de-matriculaciones-para-los-grados-universitarios-en-los-campus-de-salt-terres-de-lebre-y-bellvitge\/"},"author":{"name":"Jordi Danes","@id":"https:\/\/girona.euses.cat\/#\/schema\/person\/568c4355480c07245f1bb8e29628a164"},"headline":"Abierto el periodo de matriculaciones para los grados universitarios en los campus de Salt, Terres de l\u2019Ebre y Bellvitge","datePublished":"2023-07-14T12:14:45+00:00","dateModified":"2023-07-14T12:25:51+00:00","mainEntityOfPage":{"@id":"https:\/\/girona.euses.cat\/es\/abierto-el-periodo-de-matriculaciones-para-los-grados-universitarios-en-los-campus-de-salt-terres-de-lebre-y-bellvitge\/"},"wordCount":166,"commentCount":0,"image":{"@id":"https:\/\/girona.euses.cat\/es\/abierto-el-periodo-de-matriculaciones-para-los-grados-universitarios-en-los-campus-de-salt-terres-de-lebre-y-bellvitge\/#primaryimage"},"thumbnailUrl":"https:\/\/girona.euses.cat\/wp-content\/uploads\/2023\/07\/Matriculacions-23_24-Salt-7.jpeg","articleSection":["CAFyD EUSES-SALT","Fisioterapia EUSES-SALT"],"inLanguage":"es","potentialAction":[{"@type":"CommentAction","name":"Comment","target":["https:\/\/girona.euses.cat\/es\/abierto-el-periodo-de-matriculaciones-para-los-grados-universitarios-en-los-campus-de-salt-terres-de-lebre-y-bellvitge\/#respond"]}]},{"@type":"WebPage","@id":"https:\/\/girona.euses.cat\/es\/abierto-el-periodo-de-matriculaciones-para-los-grados-universitarios-en-los-campus-de-salt-terres-de-lebre-y-bellvitge\/","url":"https:\/\/girona.euses.cat\/es\/abierto-el-periodo-de-matriculaciones-para-los-grados-universitarios-en-los-campus-de-salt-terres-de-lebre-y-bellvitge\/","name":"Abierto el periodo de matriculaciones para los grados universitarios en los campus de Salt, Terres de l\u2019Ebre y Bellvitge | Euses - Campus de Salt (Girona)","isPartOf":{"@id":"https:\/\/girona.euses.cat\/#website"},"primaryImageOfPage":{"@id":"https:\/\/girona.euses.cat\/es\/abierto-el-periodo-de-matriculaciones-para-los-grados-universitarios-en-los-campus-de-salt-terres-de-lebre-y-bellvitge\/#primaryimage"},"image":{"@id":"https:\/\/girona.euses.cat\/es\/abierto-el-periodo-de-matriculaciones-para-los-grados-universitarios-en-los-campus-de-salt-terres-de-lebre-y-bellvitge\/#primaryimage"},"thumbnailUrl":"https:\/\/girona.euses.cat\/wp-content\/uploads\/2023\/07\/Matriculacions-23_24-Salt-7.jpeg","datePublished":"2023-07-14T12:14:45+00:00","dateModified":"2023-07-14T12:25:51+00:00","author":{"@id":"https:\/\/girona.euses.cat\/#\/schema\/person\/568c4355480c07245f1bb8e29628a164"},"breadcrumb":{"@id":"https:\/\/girona.euses.cat\/es\/abierto-el-periodo-de-matriculaciones-para-los-grados-universitarios-en-los-campus-de-salt-terres-de-lebre-y-bellvitge\/#breadcrumb"},"inLanguage":"es","potentialAction":[{"@type":"ReadAction","target":["https:\/\/girona.euses.cat\/es\/abierto-el-periodo-de-matriculaciones-para-los-grados-universitarios-en-los-campus-de-salt-terres-de-lebre-y-bellvitge\/"]}]},{"@type":"ImageObject","inLanguage":"es","@id":"https:\/\/girona.euses.cat\/es\/abierto-el-periodo-de-matriculaciones-para-los-grados-universitarios-en-los-campus-de-salt-terres-de-lebre-y-bellvitge\/#primaryimage","url":"https:\/\/girona.euses.cat\/wp-content\/uploads\/2023\/07\/Matriculacions-23_24-Salt-7.jpeg","contentUrl":"https:\/\/girona.euses.cat\/wp-content\/uploads\/2023\/07\/Matriculacions-23_24-Salt-7.jpeg","width":2048,"height":1537},{"@type":"BreadcrumbList","@id":"https:\/\/girona.euses.cat\/es\/abierto-el-periodo-de-matriculaciones-para-los-grados-universitarios-en-los-campus-de-salt-terres-de-lebre-y-bellvitge\/#breadcrumb","itemListElement":[{"@type":"ListItem","position":1,"name":"Portada","item":"https:\/\/girona.euses.cat\/es\/"},{"@type":"ListItem","position":2,"name":"Abierto el periodo de matriculaciones para los grados universitarios en los campus de Salt, Terres de l\u2019Ebre y Bellvitge"}]},{"@type":"WebSite","@id":"https:\/\/girona.euses.cat\/#website","url":"https:\/\/girona.euses.cat\/","name":"Euses - Campus de Salt (Girona)","description":"EUSES, Escola Universit\u00e0ria de Fisioter\u00e0pia i CAFE","potentialAction":[{"@type":"SearchAction","target":{"@type":"EntryPoint","urlTemplate":"https:\/\/girona.euses.cat\/?s={search_term_string}"},"query-input":{"@type":"PropertyValueSpecification","valueRequired":true,"valueName":"search_term_string"}}],"inLanguage":"es"},{"@type":"Person","@id":"https:\/\/girona.euses.cat\/#\/schema\/person\/568c4355480c07245f1bb8e29628a164","name":"Jordi Danes","image":{"@type":"ImageObject","inLanguage":"es","@id":"https:\/\/secure.gravatar.com\/avatar\/a9e4f443b594af225625ee8cfa665e41b1e0740ea34fbe0515b4ca559f8570ef?s=96&d=mm&r=g","url":"https:\/\/secure.gravatar.com\/avatar\/a9e4f443b594af225625ee8cfa665e41b1e0740ea34fbe0515b4ca559f8570ef?s=96&d=mm&r=g","contentUrl":"https:\/\/secure.gravatar.com\/avatar\/a9e4f443b594af225625ee8cfa665e41b1e0740ea34fbe0515b4ca559f8570ef?s=96&d=mm&r=g","caption":"Jordi Danes"}}]}},"_links":{"self":[{"href":"https:\/\/girona.euses.cat\/es\/wp-json\/wp\/v2\/posts\/98429","targetHints":{"allow":["GET"]}}],"collection":[{"href":"https:\/\/girona.euses.cat\/es\/wp-json\/wp\/v2\/posts"}],"about":[{"href":"https:\/\/girona.euses.cat\/es\/wp-json\/wp\/v2\/types\/post"}],"author":[{"embeddable":true,"href":"https:\/\/girona.euses.cat\/es\/wp-json\/wp\/v2\/users\/2"}],"replies":[{"embeddable":true,"href":"https:\/\/girona.euses.cat\/es\/wp-json\/wp\/v2\/comments?post=98429"}],"version-history":[{"count":2,"href":"https:\/\/girona.euses.cat\/es\/wp-json\/wp\/v2\/posts\/98429\/revisions"}],"predecessor-version":[{"id":98473,"href":"https:\/\/girona.euses.cat\/es\/wp-json\/wp\/v2\/posts\/98429\/revisions\/98473"}],"wp:featuredmedia":[{"embeddable":true,"href":"https:\/\/girona.euses.cat\/es\/wp-json\/wp\/v2\/media\/98427"}],"wp:attachment":[{"href":"https:\/\/girona.euses.cat\/es\/wp-json\/wp\/v2\/media?parent=98429"}],"wp:term":[{"taxonomy":"category","embeddable":true,"href":"https:\/\/girona.euses.cat\/es\/wp-json\/wp\/v2\/categories?post=98429"},{"taxonomy":"post_tag","embeddable":true,"href":"https:\/\/girona.euses.cat\/es\/wp-json\/wp\/v2\/tags?post=98429"}],"curies":[{"name":"wp","href":"https:\/\/api.w.org\/{rel}","templated":true}]}}