{"id":113621,"date":"2026-09-03T23:15:18","date_gmt":"2026-09-03T21:15:18","guid":{"rendered":"https:\/\/girona.euses.cat\/?p=113621"},"modified":"2026-09-03T23:15:18","modified_gmt":"2026-09-03T21:15:18","slug":"euses-colabora-en-la-difusion-del-girona-hand-course-una-formacion-multidisciplinar-en-patologia-de-la-mano-y-la-muneca","status":"publish","type":"post","link":"https:\/\/girona.euses.cat\/es\/euses-colabora-en-la-difusion-del-girona-hand-course-una-formacion-multidisciplinar-en-patologia-de-la-mano-y-la-muneca\/","title":{"rendered":"EUSES colabora en la difusi\u00f3n del &#8216;Girona Hand Course&#8217;, una formaci\u00f3n multidisciplinar en patolog\u00eda de la mano y la mu\u00f1eca"},"content":{"rendered":"<p>Los pr\u00f3ximos 16 y 17 de octubre, la Facultad de Medicina de la Universidad de Girona (UdG) acoger\u00e1 el <em data-sfc-cp=\"\" data-sfc-root=\"ep\" data-complete=\"true\" data-processed=\"true\" data-copy-service-computed-style=\"font-family: &quot;Google Sans&quot;, Arial, sans-serif; font-size: 16px; font-weight: 400; margin: 0px; text-decoration: none; border-bottom: 0px rgb(10, 10, 10);\">Girona Hand Course<\/em>, una cita formativa dirigida a fisioterapeutas y traumat\u00f3logos interesados en el abordaje de esta extremidad. El curso destaca por su car\u00e1cter multidisciplinar, ofreciendo una visi\u00f3n integral a trav\u00e9s de un programa te\u00f3rico y pr\u00e1ctico que incluir\u00e1 ponencias de expertos, talleres y el an\u00e1lisis de casos cl\u00ednicos reales.<\/p>\n<p>En el marco del compromiso de EUSES con la formaci\u00f3n continua en el \u00e1mbito de la salud, el centro&nbsp; colabora de manera excepcional en la difusi\u00f3n de este evento externo. Gracias a esta colaboraci\u00f3n, la comunidad educativa podr\u00e1 beneficiarse de condiciones especiales para la matr\u00edcula: se ofrecen diez plazas para estudiantes de cuarto curso con un descuento del 50%, y un 10% de descuento directo en la inscripci\u00f3n para todos los exalumnos del colectivo Alumni EUSES.<\/p>\n<p>&nbsp;<\/p>\n<p>&nbsp;<\/p>\n","protected":false},"excerpt":{"rendered":"<p>Los pr\u00f3ximos 16 y 17 de octubre, la Facultad de Medicina de la Universidad de Girona (UdG) acoger\u00e1 el Girona Hand Course, una cita formativa dirigida a fisioterapeutas y traumat\u00f3logos interesados en el abordaje de esta extremidad. El curso destaca por su car\u00e1cter multidisciplinar, ofreciendo una visi\u00f3n integral a trav\u00e9s de un programa te\u00f3rico y [&hellip;]<\/p>\n","protected":false},"author":2,"featured_media":113619,"comment_status":"open","ping_status":"closed","sticky":false,"template":"","format":"standard","meta":{"_acf_changed":false,"inline_featured_image":false,"ngg_post_thumbnail":0,"footnotes":""},"categories":[49],"tags":[],"class_list":["post-113621","post","type-post","status-publish","format-standard","has-post-thumbnail","hentry","category-fisio-salt-es"],"acf":[],"yoast_head":"<!-- This site is optimized with the Yoast SEO plugin v28.3 - https:\/\/yoast.com\/product\/yoast-seo-wordpress\/ -->\n<title>EUSES colabora en la difusi\u00f3n del &#039;Girona Hand Course&#039;, una formaci\u00f3n multidisciplinar en patolog\u00eda de la mano y la mu\u00f1eca | Euses - Campus de Salt (Girona)<\/title>\n<meta name=\"robots\" content=\"index, follow, max-snippet:-1, max-image-preview:large, max-video-preview:-1\" \/>\n<link rel=\"canonical\" href=\"https:\/\/girona.euses.cat\/es\/euses-colabora-en-la-difusion-del-girona-hand-course-una-formacion-multidisciplinar-en-patologia-de-la-mano-y-la-muneca\/\" \/>\n<meta property=\"og:locale\" content=\"es_ES\" \/>\n<meta property=\"og:type\" content=\"article\" \/>\n<meta property=\"og:title\" content=\"EUSES colabora en la difusi\u00f3n del &#039;Girona Hand Course&#039;, una formaci\u00f3n multidisciplinar en patolog\u00eda de la mano y la mu\u00f1eca | Euses - Campus de Salt (Girona)\" \/>\n<meta property=\"og:description\" content=\"Los pr\u00f3ximos 16 y 17 de octubre, la Facultad de Medicina de la Universidad de Girona (UdG) acoger\u00e1 el Girona Hand Course, una cita formativa dirigida a fisioterapeutas y traumat\u00f3logos interesados en el abordaje de esta extremidad. El curso destaca por su car\u00e1cter multidisciplinar, ofreciendo una visi\u00f3n integral a trav\u00e9s de un programa te\u00f3rico y [&hellip;]\" \/>\n<meta property=\"og:url\" content=\"https:\/\/girona.euses.cat\/es\/euses-colabora-en-la-difusion-del-girona-hand-course-una-formacion-multidisciplinar-en-patologia-de-la-mano-y-la-muneca\/\" \/>\n<meta property=\"og:site_name\" content=\"Euses - Campus de Salt (Girona)\" \/>\n<meta property=\"article:publisher\" content=\"https:\/\/www.facebook.com\/EUSESoficial\" \/>\n<meta property=\"article:published_time\" content=\"2026-09-03T21:15:18+00:00\" \/>\n<meta property=\"og:image\" content=\"https:\/\/girona.euses.cat\/wp-content\/uploads\/2026\/09\/Girona-hand-.png\" \/>\n\t<meta property=\"og:image:width\" content=\"451\" \/>\n\t<meta property=\"og:image:height\" content=\"451\" \/>\n\t<meta property=\"og:image:type\" content=\"image\/png\" \/>\n<meta name=\"author\" content=\"Jordi Danes\" \/>\n<meta name=\"twitter:card\" content=\"summary_large_image\" \/>\n<meta name=\"twitter:creator\" content=\"@EUSES_oficial\" \/>\n<meta name=\"twitter:site\" content=\"@EUSES_oficial\" \/>\n<meta name=\"twitter:label1\" content=\"Escrito por\" \/>\n\t<meta name=\"twitter:data1\" content=\"Jordi Danes\" \/>\n\t<meta name=\"twitter:label2\" content=\"Tiempo de lectura\" \/>\n\t<meta name=\"twitter:data2\" content=\"1 minuto\" \/>\n<script type=\"application\/ld+json\" class=\"yoast-schema-graph\">{\"@context\":\"https:\\\/\\\/schema.org\",\"@graph\":[{\"@type\":\"Article\",\"@id\":\"https:\\\/\\\/girona.euses.cat\\\/es\\\/euses-colabora-en-la-difusion-del-girona-hand-course-una-formacion-multidisciplinar-en-patologia-de-la-mano-y-la-muneca\\\/#article\",\"isPartOf\":{\"@id\":\"https:\\\/\\\/girona.euses.cat\\\/es\\\/euses-colabora-en-la-difusion-del-girona-hand-course-una-formacion-multidisciplinar-en-patologia-de-la-mano-y-la-muneca\\\/\"},\"author\":{\"name\":\"Jordi Danes\",\"@id\":\"https:\\\/\\\/girona.euses.cat\\\/#\\\/schema\\\/person\\\/568c4355480c07245f1bb8e29628a164\"},\"headline\":\"EUSES colabora en la difusi\u00f3n del &#8216;Girona Hand Course&#8217;, una formaci\u00f3n multidisciplinar en patolog\u00eda de la mano y la mu\u00f1eca\",\"datePublished\":\"2026-09-03T21:15:18+00:00\",\"mainEntityOfPage\":{\"@id\":\"https:\\\/\\\/girona.euses.cat\\\/es\\\/euses-colabora-en-la-difusion-del-girona-hand-course-una-formacion-multidisciplinar-en-patologia-de-la-mano-y-la-muneca\\\/\"},\"wordCount\":182,\"commentCount\":0,\"image\":{\"@id\":\"https:\\\/\\\/girona.euses.cat\\\/es\\\/euses-colabora-en-la-difusion-del-girona-hand-course-una-formacion-multidisciplinar-en-patologia-de-la-mano-y-la-muneca\\\/#primaryimage\"},\"thumbnailUrl\":\"https:\\\/\\\/girona.euses.cat\\\/wp-content\\\/uploads\\\/2026\\\/09\\\/Girona-hand-.png\",\"articleSection\":[\"Fisioterapia EUSES-SALT\"],\"inLanguage\":\"es\",\"potentialAction\":[{\"@type\":\"CommentAction\",\"name\":\"Comment\",\"target\":[\"https:\\\/\\\/girona.euses.cat\\\/es\\\/euses-colabora-en-la-difusion-del-girona-hand-course-una-formacion-multidisciplinar-en-patologia-de-la-mano-y-la-muneca\\\/#respond\"]}]},{\"@type\":\"WebPage\",\"@id\":\"https:\\\/\\\/girona.euses.cat\\\/es\\\/euses-colabora-en-la-difusion-del-girona-hand-course-una-formacion-multidisciplinar-en-patologia-de-la-mano-y-la-muneca\\\/\",\"url\":\"https:\\\/\\\/girona.euses.cat\\\/es\\\/euses-colabora-en-la-difusion-del-girona-hand-course-una-formacion-multidisciplinar-en-patologia-de-la-mano-y-la-muneca\\\/\",\"name\":\"EUSES colabora en la difusi\u00f3n del 'Girona Hand Course', una formaci\u00f3n multidisciplinar en patolog\u00eda de la mano y la mu\u00f1eca | Euses - Campus de Salt (Girona)\",\"isPartOf\":{\"@id\":\"https:\\\/\\\/girona.euses.cat\\\/#website\"},\"primaryImageOfPage\":{\"@id\":\"https:\\\/\\\/girona.euses.cat\\\/es\\\/euses-colabora-en-la-difusion-del-girona-hand-course-una-formacion-multidisciplinar-en-patologia-de-la-mano-y-la-muneca\\\/#primaryimage\"},\"image\":{\"@id\":\"https:\\\/\\\/girona.euses.cat\\\/es\\\/euses-colabora-en-la-difusion-del-girona-hand-course-una-formacion-multidisciplinar-en-patologia-de-la-mano-y-la-muneca\\\/#primaryimage\"},\"thumbnailUrl\":\"https:\\\/\\\/girona.euses.cat\\\/wp-content\\\/uploads\\\/2026\\\/09\\\/Girona-hand-.png\",\"datePublished\":\"2026-09-03T21:15:18+00:00\",\"author\":{\"@id\":\"https:\\\/\\\/girona.euses.cat\\\/#\\\/schema\\\/person\\\/568c4355480c07245f1bb8e29628a164\"},\"breadcrumb\":{\"@id\":\"https:\\\/\\\/girona.euses.cat\\\/es\\\/euses-colabora-en-la-difusion-del-girona-hand-course-una-formacion-multidisciplinar-en-patologia-de-la-mano-y-la-muneca\\\/#breadcrumb\"},\"inLanguage\":\"es\",\"potentialAction\":[{\"@type\":\"ReadAction\",\"target\":[\"https:\\\/\\\/girona.euses.cat\\\/es\\\/euses-colabora-en-la-difusion-del-girona-hand-course-una-formacion-multidisciplinar-en-patologia-de-la-mano-y-la-muneca\\\/\"]}]},{\"@type\":\"ImageObject\",\"inLanguage\":\"es\",\"@id\":\"https:\\\/\\\/girona.euses.cat\\\/es\\\/euses-colabora-en-la-difusion-del-girona-hand-course-una-formacion-multidisciplinar-en-patologia-de-la-mano-y-la-muneca\\\/#primaryimage\",\"url\":\"https:\\\/\\\/girona.euses.cat\\\/wp-content\\\/uploads\\\/2026\\\/09\\\/Girona-hand-.png\",\"contentUrl\":\"https:\\\/\\\/girona.euses.cat\\\/wp-content\\\/uploads\\\/2026\\\/09\\\/Girona-hand-.png\",\"width\":451,\"height\":451},{\"@type\":\"BreadcrumbList\",\"@id\":\"https:\\\/\\\/girona.euses.cat\\\/es\\\/euses-colabora-en-la-difusion-del-girona-hand-course-una-formacion-multidisciplinar-en-patologia-de-la-mano-y-la-muneca\\\/#breadcrumb\",\"itemListElement\":[{\"@type\":\"ListItem\",\"position\":1,\"name\":\"Portada\",\"item\":\"https:\\\/\\\/girona.euses.cat\\\/es\\\/\"},{\"@type\":\"ListItem\",\"position\":2,\"name\":\"EUSES colabora en la difusi\u00f3n del &#8216;Girona Hand Course&#8217;, una formaci\u00f3n multidisciplinar en patolog\u00eda de la mano y la mu\u00f1eca\"}]},{\"@type\":\"WebSite\",\"@id\":\"https:\\\/\\\/girona.euses.cat\\\/#website\",\"url\":\"https:\\\/\\\/girona.euses.cat\\\/\",\"name\":\"Euses - Campus de Salt (Girona)\",\"description\":\"EUSES, Escola Universit\u00e0ria de Fisioter\u00e0pia i CAFE\",\"potentialAction\":[{\"@type\":\"SearchAction\",\"target\":{\"@type\":\"EntryPoint\",\"urlTemplate\":\"https:\\\/\\\/girona.euses.cat\\\/?s={search_term_string}\"},\"query-input\":{\"@type\":\"PropertyValueSpecification\",\"valueRequired\":true,\"valueName\":\"search_term_string\"}}],\"inLanguage\":\"es\"},{\"@type\":\"Person\",\"@id\":\"https:\\\/\\\/girona.euses.cat\\\/#\\\/schema\\\/person\\\/568c4355480c07245f1bb8e29628a164\",\"name\":\"Jordi Danes\",\"image\":{\"@type\":\"ImageObject\",\"inLanguage\":\"es\",\"@id\":\"https:\\\/\\\/secure.gravatar.com\\\/avatar\\\/a9e4f443b594af225625ee8cfa665e41b1e0740ea34fbe0515b4ca559f8570ef?s=96&d=mm&r=g\",\"url\":\"https:\\\/\\\/secure.gravatar.com\\\/avatar\\\/a9e4f443b594af225625ee8cfa665e41b1e0740ea34fbe0515b4ca559f8570ef?s=96&d=mm&r=g\",\"contentUrl\":\"https:\\\/\\\/secure.gravatar.com\\\/avatar\\\/a9e4f443b594af225625ee8cfa665e41b1e0740ea34fbe0515b4ca559f8570ef?s=96&d=mm&r=g\",\"caption\":\"Jordi Danes\"}}]}<\/script>\n<!-- \/ Yoast SEO plugin. -->","yoast_head_json":{"title":"EUSES colabora en la difusi\u00f3n del 'Girona Hand Course', una formaci\u00f3n multidisciplinar en patolog\u00eda de la mano y la mu\u00f1eca | Euses - Campus de Salt (Girona)","robots":{"index":"index","follow":"follow","max-snippet":"max-snippet:-1","max-image-preview":"max-image-preview:large","max-video-preview":"max-video-preview:-1"},"canonical":"https:\/\/girona.euses.cat\/es\/euses-colabora-en-la-difusion-del-girona-hand-course-una-formacion-multidisciplinar-en-patologia-de-la-mano-y-la-muneca\/","og_locale":"es_ES","og_type":"article","og_title":"EUSES colabora en la difusi\u00f3n del 'Girona Hand Course', una formaci\u00f3n multidisciplinar en patolog\u00eda de la mano y la mu\u00f1eca | Euses - Campus de Salt (Girona)","og_description":"Los pr\u00f3ximos 16 y 17 de octubre, la Facultad de Medicina de la Universidad de Girona (UdG) acoger\u00e1 el Girona Hand Course, una cita formativa dirigida a fisioterapeutas y traumat\u00f3logos interesados en el abordaje de esta extremidad. El curso destaca por su car\u00e1cter multidisciplinar, ofreciendo una visi\u00f3n integral a trav\u00e9s de un programa te\u00f3rico y [&hellip;]","og_url":"https:\/\/girona.euses.cat\/es\/euses-colabora-en-la-difusion-del-girona-hand-course-una-formacion-multidisciplinar-en-patologia-de-la-mano-y-la-muneca\/","og_site_name":"Euses - Campus de Salt (Girona)","article_publisher":"https:\/\/www.facebook.com\/EUSESoficial","article_published_time":"2026-09-03T21:15:18+00:00","og_image":[{"width":451,"height":451,"url":"https:\/\/girona.euses.cat\/wp-content\/uploads\/2026\/09\/Girona-hand-.png","type":"image\/png"}],"author":"Jordi Danes","twitter_card":"summary_large_image","twitter_creator":"@EUSES_oficial","twitter_site":"@EUSES_oficial","twitter_misc":{"Escrito por":"Jordi Danes","Tiempo de lectura":"1 minuto"},"schema":{"@context":"https:\/\/schema.org","@graph":[{"@type":"Article","@id":"https:\/\/girona.euses.cat\/es\/euses-colabora-en-la-difusion-del-girona-hand-course-una-formacion-multidisciplinar-en-patologia-de-la-mano-y-la-muneca\/#article","isPartOf":{"@id":"https:\/\/girona.euses.cat\/es\/euses-colabora-en-la-difusion-del-girona-hand-course-una-formacion-multidisciplinar-en-patologia-de-la-mano-y-la-muneca\/"},"author":{"name":"Jordi Danes","@id":"https:\/\/girona.euses.cat\/#\/schema\/person\/568c4355480c07245f1bb8e29628a164"},"headline":"EUSES colabora en la difusi\u00f3n del &#8216;Girona Hand Course&#8217;, una formaci\u00f3n multidisciplinar en patolog\u00eda de la mano y la mu\u00f1eca","datePublished":"2026-09-03T21:15:18+00:00","mainEntityOfPage":{"@id":"https:\/\/girona.euses.cat\/es\/euses-colabora-en-la-difusion-del-girona-hand-course-una-formacion-multidisciplinar-en-patologia-de-la-mano-y-la-muneca\/"},"wordCount":182,"commentCount":0,"image":{"@id":"https:\/\/girona.euses.cat\/es\/euses-colabora-en-la-difusion-del-girona-hand-course-una-formacion-multidisciplinar-en-patologia-de-la-mano-y-la-muneca\/#primaryimage"},"thumbnailUrl":"https:\/\/girona.euses.cat\/wp-content\/uploads\/2026\/09\/Girona-hand-.png","articleSection":["Fisioterapia EUSES-SALT"],"inLanguage":"es","potentialAction":[{"@type":"CommentAction","name":"Comment","target":["https:\/\/girona.euses.cat\/es\/euses-colabora-en-la-difusion-del-girona-hand-course-una-formacion-multidisciplinar-en-patologia-de-la-mano-y-la-muneca\/#respond"]}]},{"@type":"WebPage","@id":"https:\/\/girona.euses.cat\/es\/euses-colabora-en-la-difusion-del-girona-hand-course-una-formacion-multidisciplinar-en-patologia-de-la-mano-y-la-muneca\/","url":"https:\/\/girona.euses.cat\/es\/euses-colabora-en-la-difusion-del-girona-hand-course-una-formacion-multidisciplinar-en-patologia-de-la-mano-y-la-muneca\/","name":"EUSES colabora en la difusi\u00f3n del 'Girona Hand Course', una formaci\u00f3n multidisciplinar en patolog\u00eda de la mano y la mu\u00f1eca | Euses - Campus de Salt (Girona)","isPartOf":{"@id":"https:\/\/girona.euses.cat\/#website"},"primaryImageOfPage":{"@id":"https:\/\/girona.euses.cat\/es\/euses-colabora-en-la-difusion-del-girona-hand-course-una-formacion-multidisciplinar-en-patologia-de-la-mano-y-la-muneca\/#primaryimage"},"image":{"@id":"https:\/\/girona.euses.cat\/es\/euses-colabora-en-la-difusion-del-girona-hand-course-una-formacion-multidisciplinar-en-patologia-de-la-mano-y-la-muneca\/#primaryimage"},"thumbnailUrl":"https:\/\/girona.euses.cat\/wp-content\/uploads\/2026\/09\/Girona-hand-.png","datePublished":"2026-09-03T21:15:18+00:00","author":{"@id":"https:\/\/girona.euses.cat\/#\/schema\/person\/568c4355480c07245f1bb8e29628a164"},"breadcrumb":{"@id":"https:\/\/girona.euses.cat\/es\/euses-colabora-en-la-difusion-del-girona-hand-course-una-formacion-multidisciplinar-en-patologia-de-la-mano-y-la-muneca\/#breadcrumb"},"inLanguage":"es","potentialAction":[{"@type":"ReadAction","target":["https:\/\/girona.euses.cat\/es\/euses-colabora-en-la-difusion-del-girona-hand-course-una-formacion-multidisciplinar-en-patologia-de-la-mano-y-la-muneca\/"]}]},{"@type":"ImageObject","inLanguage":"es","@id":"https:\/\/girona.euses.cat\/es\/euses-colabora-en-la-difusion-del-girona-hand-course-una-formacion-multidisciplinar-en-patologia-de-la-mano-y-la-muneca\/#primaryimage","url":"https:\/\/girona.euses.cat\/wp-content\/uploads\/2026\/09\/Girona-hand-.png","contentUrl":"https:\/\/girona.euses.cat\/wp-content\/uploads\/2026\/09\/Girona-hand-.png","width":451,"height":451},{"@type":"BreadcrumbList","@id":"https:\/\/girona.euses.cat\/es\/euses-colabora-en-la-difusion-del-girona-hand-course-una-formacion-multidisciplinar-en-patologia-de-la-mano-y-la-muneca\/#breadcrumb","itemListElement":[{"@type":"ListItem","position":1,"name":"Portada","item":"https:\/\/girona.euses.cat\/es\/"},{"@type":"ListItem","position":2,"name":"EUSES colabora en la difusi\u00f3n del &#8216;Girona Hand Course&#8217;, una formaci\u00f3n multidisciplinar en patolog\u00eda de la mano y la mu\u00f1eca"}]},{"@type":"WebSite","@id":"https:\/\/girona.euses.cat\/#website","url":"https:\/\/girona.euses.cat\/","name":"Euses - Campus de Salt (Girona)","description":"EUSES, Escola Universit\u00e0ria de Fisioter\u00e0pia i CAFE","potentialAction":[{"@type":"SearchAction","target":{"@type":"EntryPoint","urlTemplate":"https:\/\/girona.euses.cat\/?s={search_term_string}"},"query-input":{"@type":"PropertyValueSpecification","valueRequired":true,"valueName":"search_term_string"}}],"inLanguage":"es"},{"@type":"Person","@id":"https:\/\/girona.euses.cat\/#\/schema\/person\/568c4355480c07245f1bb8e29628a164","name":"Jordi Danes","image":{"@type":"ImageObject","inLanguage":"es","@id":"https:\/\/secure.gravatar.com\/avatar\/a9e4f443b594af225625ee8cfa665e41b1e0740ea34fbe0515b4ca559f8570ef?s=96&d=mm&r=g","url":"https:\/\/secure.gravatar.com\/avatar\/a9e4f443b594af225625ee8cfa665e41b1e0740ea34fbe0515b4ca559f8570ef?s=96&d=mm&r=g","contentUrl":"https:\/\/secure.gravatar.com\/avatar\/a9e4f443b594af225625ee8cfa665e41b1e0740ea34fbe0515b4ca559f8570ef?s=96&d=mm&r=g","caption":"Jordi Danes"}}]}},"_links":{"self":[{"href":"https:\/\/girona.euses.cat\/es\/wp-json\/wp\/v2\/posts\/113621","targetHints":{"allow":["GET"]}}],"collection":[{"href":"https:\/\/girona.euses.cat\/es\/wp-json\/wp\/v2\/posts"}],"about":[{"href":"https:\/\/girona.euses.cat\/es\/wp-json\/wp\/v2\/types\/post"}],"author":[{"embeddable":true,"href":"https:\/\/girona.euses.cat\/es\/wp-json\/wp\/v2\/users\/2"}],"replies":[{"embeddable":true,"href":"https:\/\/girona.euses.cat\/es\/wp-json\/wp\/v2\/comments?post=113621"}],"version-history":[{"count":1,"href":"https:\/\/girona.euses.cat\/es\/wp-json\/wp\/v2\/posts\/113621\/revisions"}],"predecessor-version":[{"id":113622,"href":"https:\/\/girona.euses.cat\/es\/wp-json\/wp\/v2\/posts\/113621\/revisions\/113622"}],"wp:featuredmedia":[{"embeddable":true,"href":"https:\/\/girona.euses.cat\/es\/wp-json\/wp\/v2\/media\/113619"}],"wp:attachment":[{"href":"https:\/\/girona.euses.cat\/es\/wp-json\/wp\/v2\/media?parent=113621"}],"wp:term":[{"taxonomy":"category","embeddable":true,"href":"https:\/\/girona.euses.cat\/es\/wp-json\/wp\/v2\/categories?post=113621"},{"taxonomy":"post_tag","embeddable":true,"href":"https:\/\/girona.euses.cat\/es\/wp-json\/wp\/v2\/tags?post=113621"}],"curies":[{"name":"wp","href":"https:\/\/api.w.org\/{rel}","templated":true}]}}