{"id":113495,"date":"2026-07-20T09:36:54","date_gmt":"2026-07-20T07:36:54","guid":{"rendered":"https:\/\/girona.euses.cat\/?p=113495"},"modified":"2026-07-22T14:04:03","modified_gmt":"2026-07-22T12:04:03","slug":"abiertas-las-inscripciones-para-la-formacion-continuada-en-fisioterapia-de-euses-para-el-curso-2026-27-con-cuatro-grandes-novedades","status":"publish","type":"post","link":"https:\/\/girona.euses.cat\/es\/abiertas-las-inscripciones-para-la-formacion-continuada-en-fisioterapia-de-euses-para-el-curso-2026-27-con-cuatro-grandes-novedades\/","title":{"rendered":"Abiertas las inscripciones para la Formaci\u00f3n Continuada en Fisioterapia de EUSES para el curso 2026-27, con cuatro grandes novedades"},"content":{"rendered":"<p>La Escola Universit\u00e0ria de la Salut i l\u2019Esport(EUSES) ha abierto oficialmente el periodo de inscripciones para su programa de <a href=\"https:\/\/girona.euses.cat\/es\/nuestros-estudios\/cursos-postgrados-fisioterapia-actividad-fisica\/jornadas-cursos-posgrados-fisioterapia\/\">Formaci\u00f3n Continuada en Fisioterapia de cara al curso acad\u00e9mico 2026-27<\/a>. El dise\u00f1o y la planificaci\u00f3n de este ambicioso programa ha corrido a cargo del Dr. Pere Iglesias, coordinador de la formaci\u00f3n continuada y de posgrado de EUSES.&nbsp;La oferta de este a\u00f1o est\u00e1 integrada por once cursos de alta especializaci\u00f3n, ideados exclusivamente para fisioterapeutas graduados que buscan una actualizaci\u00f3n profesional y para estudiantes de cuarto curso del Grado en Fisioterapia que quieran dar un salto cualitativo antes de dar el paso al mundo laboral.<\/p>\n<p>La edici\u00f3n 2026-27 apuesta fuerte por la innovaci\u00f3n y por dar respuesta a las demandas actuales del mundo de la fisioterapia. Entre las principales novedades de este a\u00f1o, destaca el debut del Curso de Conmoci\u00f3n Cerebral, una formaci\u00f3n que se realizar\u00e1 en modalidad 100% online para facilitar la flexibilidad de los alumnos. Asimismo, se incorporan por primera vez al cat\u00e1logo el Curso de Lesiones de Cadera, el Curso de Mano Traum\u00e1tica y la formaci\u00f3n de Introducci\u00f3n al Concepto Bobath en el adulto, una referencia en el \u00e1mbito de la fisioterapia neurol\u00f3gica. Junto a los \u00abdebutantes\u00bb encontramos tambi\u00e9n cursos que est\u00e1n del todo consolidados y que ya son grandes activos de la formaci\u00f3n continuada de EUSES, como el Curso de Tratamiento Conservador y con Punci\u00f3n Seca del Dolor Miofascial (que este a\u00f1o ya llega a su duod\u00e9cima edici\u00f3n) o el Curso de Abordaje Fisioterap\u00e9utico de las Lesiones de Hombro, que vivir\u00e1 su decimotercera edici\u00f3n.<\/p>\n<p>Detalle de los once cursos programados, sus horas lectivas y su enfoque formativo:<\/p>\n<ul>\n<li><strong><a href=\"https:\/\/girona.euses.cat\/es\/estudios\/abordaje-fisioterapeutico-de-la-conmocion-cerebral\/\">Curso de abordaje fisioterap\u00e9utico de la conmoci\u00f3n cerebral en el \u00e1mbito deportivo y cl\u00ednico<\/a> (10 horas &#8211; 100% Online):<\/strong> Ofrece herramientas de valoraci\u00f3n, diagn\u00f3stico diferencial y manejo fisioterap\u00e9utico ante un traumatismo craneoencef\u00e1lico leve en el deporte y en la cl\u00ednica.<\/li>\n<li><strong><a href=\"https:\/\/girona.euses.cat\/es\/estudios\/actualizacion-abordaje-fisioterapeutico-lesiones-rodilla\/\">Actualizaci\u00f3n en el abordaje fisioterap\u00e9utico de las lesiones de rodilla<\/a> (15 horas):<\/strong> Centrado en las \u00faltimas actualizaciones de los protocolos de tratamiento de las lesiones m\u00e1s prevalentes de la rodilla, basadas en la evidencia cient\u00edfica.<\/li>\n<li><strong><a href=\"https:\/\/girona.euses.cat\/es\/estudios\/curso-de-neurodinamica-clinica-evaluacion-y-tratamiento-de-neuropatias-perifericas\/\">Curso de Neurodin\u00e1mica Cl\u00ednica: evaluaci\u00f3n y tratamiento de neuropat\u00edas perif\u00e9ricas<\/a> (20 horas):<\/strong> Curso pr\u00e1ctico orientado a evaluar y tratar trastornos compresivos del sistema nervioso perif\u00e9rico como la ci\u00e1tica o el t\u00fanel carpiano.<\/li>\n<li><strong><a href=\"https:\/\/girona.euses.cat\/es\/estudios\/curso-de-tratamiento-conservador-y-con-puncion-seca-del-dolor-miofascial\/\">Curso de Tratamiento Conservador y con Punci\u00f3n Seca del Dolor Miofascial<\/a> (60 horas):<\/strong> Formaci\u00f3n que capacita en el diagn\u00f3stico y el abordaje del S\u00edndrome del Dolor Miofascial mediante terapia manual y punci\u00f3n seca profunda, y que est\u00e1 dirigido por docentes de Seminarios Travell y Simons.<\/li>\n<li><strong><a href=\"https:\/\/girona.euses.cat\/es\/estudios\/curso-de-abordaje-fisioterapeutico-de-los-transtornos-temporomandibulares-y-del-dolor-orofacial\/\">Curso de abordaje fisioterap\u00e9utico de los trastornos temporomandibulares y del dolor orofacial<\/a> (30 horas):<\/strong> Enfocado a la valoraci\u00f3n integrada de la articulaci\u00f3n temporomandibular (ATM), la regi\u00f3n cervical y el cr\u00e1neo para tratar alg\u00fan tipo de dolor orofacial, disfunciones masticatorias, bruxismo y cefaleas.<\/li>\n<li><strong><a href=\"https:\/\/girona.euses.cat\/es\/estudios\/curso-de-abordaje-fisioterapeutico-de-las-lesiones-de-hombro\/\">Curso de Abordaje Fisioterap\u00e9utico de las Lesiones de Hombro<\/a> (15 horas):<\/strong> Orientado a mostrar las especificidades de los tratamientos de fisioterapia de las afecciones del hombro, desde el razonamiento cl\u00ednico.<\/li>\n<li><strong><a href=\"https:\/\/girona.euses.cat\/es\/estudios\/curso-de-actualizacion-en-el-abordaje-fisioterapeutico-de-las-lesiones-de-cadera\/\">Curso de actualizaci\u00f3n en el abordaje fisioterap\u00e9utico de las lesiones de cadera<\/a> (15 horas):<\/strong> Curso que profundiza en el diagn\u00f3stico, prevenci\u00f3n y tratamiento fisioterap\u00e9utico de las lesiones espec\u00edficas de la cadera.<\/li>\n<li><strong><a href=\"https:\/\/girona.euses.cat\/es\/estudios\/neuromodulacion-percutanea-y-neuroelectroestimulacion-segmentaria\/\">Curso de Neuromodulaci\u00f3n percut\u00e1nea y neuroelectroestimulaci\u00f3n segmentaria<\/a> (20 horas):<\/strong> <span data-olk-copy-source=\"MessageBody\">Formaci\u00f3n en fisioter\u00e0pia invasiva i neuromodulaci\u00f3n del dolor<\/span>.<\/li>\n<li><strong><a href=\"https:\/\/girona.euses.cat\/es\/estudios\/curso-de-actualizacion-en-el-abordaje-fisioterapeutico-de-la-mano-traumatica\/\">Curso de actualizaci\u00f3n en el abordaje fisioterap\u00e9utico de la mano traum\u00e1tica<\/a> (15 horas):<\/strong> Novedad clave para conocer los protocolos de actuaci\u00f3n cl\u00ednica postquir\u00fargica o posttraum\u00e1tica de la mu\u00f1eca y de la mano.<\/li>\n<li><strong><a href=\"https:\/\/girona.euses.cat\/es\/estudios\/introduccion-concepto-bobath-adulto\/\">Curso de introducci\u00f3n al Concepto Bobath en el adulto<\/a> (20 horas):<\/strong> Nueva propuesta neurocl\u00ednica para introducir al fisioterapeuta en este reconocido enfoque de valoraci\u00f3n y tratamiento de personas con alteraciones del movimiento derivadas de una lesi\u00f3n neurol\u00f3gica.<\/li>\n<li><strong><a href=\"https:\/\/girona.euses.cat\/es\/estudios\/ecografia-neuromusculoesqueletica-para-fisioterapeutas\/\">Curso de Ecograf\u00eda neuromusculoesquel\u00e9tica para fisioterapeutas<\/a> (30 horas):<\/strong> Formaci\u00f3n pr\u00e1ctica para aprender el manejo del ec\u00f3grafo en la consulta, permitiendo validar visualmente el estado de los tejidos blandos y garantizar la precisi\u00f3n de los tratamientos.<\/li>\n<\/ul>\n<p>Con la publicaci\u00f3n de este calendario acad\u00e9mico, EUSES reafirma su apuesta por una formaci\u00f3n permanente de excelencia, combinando rigor te\u00f3rico y una metodolog\u00eda altamente pr\u00e1ctica. Al ser las plazas para cada uno de los cursos limitadas, se recomienda a los interesados formalizar la inscripci\u00f3n lo antes posible para asegurar su participaci\u00f3n.&nbsp;<\/p>\n<p>Para m\u00e1s informaci\u00f3n, pod\u00e9is contactar con el responsable de la formaci\u00f3n a trav\u00e9s del correo electr\u00f3nico: <a href=\"mailto:piglesias@euses.cat\">piglesias@euses.cat<\/a>. Todos los detalles de matriculaci\u00f3n ya est\u00e1n disponibles en el apartado de Formaci\u00f3n Continuada de la web de EUSES.<\/p>\n<p>&nbsp;<\/p>\n","protected":false},"excerpt":{"rendered":"<p>La Escola Universit\u00e0ria de la Salut i l\u2019Esport(EUSES) ha abierto oficialmente el periodo de inscripciones para su programa de Formaci\u00f3n Continuada en Fisioterapia de cara al curso acad\u00e9mico 2026-27. El dise\u00f1o y la planificaci\u00f3n de este ambicioso programa ha corrido a cargo del Dr. Pere Iglesias, coordinador de la formaci\u00f3n continuada y de posgrado de [&hellip;]<\/p>\n","protected":false},"author":2,"featured_media":110902,"comment_status":"open","ping_status":"closed","sticky":false,"template":"","format":"standard","meta":{"_acf_changed":false,"inline_featured_image":false,"ngg_post_thumbnail":0,"footnotes":""},"categories":[49],"tags":[],"class_list":["post-113495","post","type-post","status-publish","format-standard","has-post-thumbnail","hentry","category-fisio-salt-es"],"acf":[],"yoast_head":"<!-- This site is optimized with the Yoast SEO plugin v28.3 - https:\/\/yoast.com\/product\/yoast-seo-wordpress\/ -->\n<title>Abiertas las inscripciones para la Formaci\u00f3n Continuada en Fisioterapia de EUSES para el curso 2026-27, con cuatro grandes novedades | Euses - Campus de Salt (Girona)<\/title>\n<meta name=\"robots\" content=\"index, follow, max-snippet:-1, max-image-preview:large, max-video-preview:-1\" \/>\n<link rel=\"canonical\" href=\"https:\/\/girona.euses.cat\/es\/abiertas-las-inscripciones-para-la-formacion-continuada-en-fisioterapia-de-euses-para-el-curso-2026-27-con-cuatro-grandes-novedades\/\" \/>\n<meta property=\"og:locale\" content=\"es_ES\" \/>\n<meta property=\"og:type\" content=\"article\" \/>\n<meta property=\"og:title\" content=\"Abiertas las inscripciones para la Formaci\u00f3n Continuada en Fisioterapia de EUSES para el curso 2026-27, con cuatro grandes novedades | Euses - Campus de Salt (Girona)\" \/>\n<meta property=\"og:description\" content=\"La Escola Universit\u00e0ria de la Salut i l\u2019Esport(EUSES) ha abierto oficialmente el periodo de inscripciones para su programa de Formaci\u00f3n Continuada en Fisioterapia de cara al curso acad\u00e9mico 2026-27. El dise\u00f1o y la planificaci\u00f3n de este ambicioso programa ha corrido a cargo del Dr. Pere Iglesias, coordinador de la formaci\u00f3n continuada y de posgrado de [&hellip;]\" \/>\n<meta property=\"og:url\" content=\"https:\/\/girona.euses.cat\/es\/abiertas-las-inscripciones-para-la-formacion-continuada-en-fisioterapia-de-euses-para-el-curso-2026-27-con-cuatro-grandes-novedades\/\" \/>\n<meta property=\"og:site_name\" content=\"Euses - Campus de Salt (Girona)\" \/>\n<meta property=\"article:publisher\" content=\"https:\/\/www.facebook.com\/EUSESoficial\" \/>\n<meta property=\"article:published_time\" content=\"2026-07-20T07:36:54+00:00\" \/>\n<meta property=\"article:modified_time\" content=\"2026-07-22T12:04:03+00:00\" \/>\n<meta property=\"og:image\" content=\"https:\/\/girona.euses.cat\/wp-content\/uploads\/2025\/12\/formacion-continuada-fisio-1.png\" \/>\n\t<meta property=\"og:image:width\" content=\"907\" \/>\n\t<meta property=\"og:image:height\" content=\"680\" \/>\n\t<meta property=\"og:image:type\" content=\"image\/png\" \/>\n<meta name=\"author\" content=\"Jordi Danes\" \/>\n<meta name=\"twitter:card\" content=\"summary_large_image\" \/>\n<meta name=\"twitter:creator\" content=\"@EUSES_oficial\" \/>\n<meta name=\"twitter:site\" content=\"@EUSES_oficial\" \/>\n<meta name=\"twitter:label1\" content=\"Escrito por\" \/>\n\t<meta name=\"twitter:data1\" content=\"Jordi Danes\" \/>\n\t<meta name=\"twitter:label2\" content=\"Tiempo de lectura\" \/>\n\t<meta name=\"twitter:data2\" content=\"5 minutos\" \/>\n<script type=\"application\/ld+json\" class=\"yoast-schema-graph\">{\"@context\":\"https:\\\/\\\/schema.org\",\"@graph\":[{\"@type\":\"Article\",\"@id\":\"https:\\\/\\\/girona.euses.cat\\\/es\\\/abiertas-las-inscripciones-para-la-formacion-continuada-en-fisioterapia-de-euses-para-el-curso-2026-27-con-cuatro-grandes-novedades\\\/#article\",\"isPartOf\":{\"@id\":\"https:\\\/\\\/girona.euses.cat\\\/es\\\/abiertas-las-inscripciones-para-la-formacion-continuada-en-fisioterapia-de-euses-para-el-curso-2026-27-con-cuatro-grandes-novedades\\\/\"},\"author\":{\"name\":\"Jordi Danes\",\"@id\":\"https:\\\/\\\/girona.euses.cat\\\/#\\\/schema\\\/person\\\/568c4355480c07245f1bb8e29628a164\"},\"headline\":\"Abiertas las inscripciones para la Formaci\u00f3n Continuada en Fisioterapia de EUSES para el curso 2026-27, con cuatro grandes novedades\",\"datePublished\":\"2026-07-20T07:36:54+00:00\",\"dateModified\":\"2026-07-22T12:04:03+00:00\",\"mainEntityOfPage\":{\"@id\":\"https:\\\/\\\/girona.euses.cat\\\/es\\\/abiertas-las-inscripciones-para-la-formacion-continuada-en-fisioterapia-de-euses-para-el-curso-2026-27-con-cuatro-grandes-novedades\\\/\"},\"wordCount\":856,\"commentCount\":0,\"image\":{\"@id\":\"https:\\\/\\\/girona.euses.cat\\\/es\\\/abiertas-las-inscripciones-para-la-formacion-continuada-en-fisioterapia-de-euses-para-el-curso-2026-27-con-cuatro-grandes-novedades\\\/#primaryimage\"},\"thumbnailUrl\":\"https:\\\/\\\/girona.euses.cat\\\/wp-content\\\/uploads\\\/2025\\\/12\\\/formacion-continuada-fisio-1.png\",\"articleSection\":[\"Fisioterapia EUSES-SALT\"],\"inLanguage\":\"es\",\"potentialAction\":[{\"@type\":\"CommentAction\",\"name\":\"Comment\",\"target\":[\"https:\\\/\\\/girona.euses.cat\\\/es\\\/abiertas-las-inscripciones-para-la-formacion-continuada-en-fisioterapia-de-euses-para-el-curso-2026-27-con-cuatro-grandes-novedades\\\/#respond\"]}]},{\"@type\":\"WebPage\",\"@id\":\"https:\\\/\\\/girona.euses.cat\\\/es\\\/abiertas-las-inscripciones-para-la-formacion-continuada-en-fisioterapia-de-euses-para-el-curso-2026-27-con-cuatro-grandes-novedades\\\/\",\"url\":\"https:\\\/\\\/girona.euses.cat\\\/es\\\/abiertas-las-inscripciones-para-la-formacion-continuada-en-fisioterapia-de-euses-para-el-curso-2026-27-con-cuatro-grandes-novedades\\\/\",\"name\":\"Abiertas las inscripciones para la Formaci\u00f3n Continuada en Fisioterapia de EUSES para el curso 2026-27, con cuatro grandes novedades | Euses - Campus de Salt (Girona)\",\"isPartOf\":{\"@id\":\"https:\\\/\\\/girona.euses.cat\\\/#website\"},\"primaryImageOfPage\":{\"@id\":\"https:\\\/\\\/girona.euses.cat\\\/es\\\/abiertas-las-inscripciones-para-la-formacion-continuada-en-fisioterapia-de-euses-para-el-curso-2026-27-con-cuatro-grandes-novedades\\\/#primaryimage\"},\"image\":{\"@id\":\"https:\\\/\\\/girona.euses.cat\\\/es\\\/abiertas-las-inscripciones-para-la-formacion-continuada-en-fisioterapia-de-euses-para-el-curso-2026-27-con-cuatro-grandes-novedades\\\/#primaryimage\"},\"thumbnailUrl\":\"https:\\\/\\\/girona.euses.cat\\\/wp-content\\\/uploads\\\/2025\\\/12\\\/formacion-continuada-fisio-1.png\",\"datePublished\":\"2026-07-20T07:36:54+00:00\",\"dateModified\":\"2026-07-22T12:04:03+00:00\",\"author\":{\"@id\":\"https:\\\/\\\/girona.euses.cat\\\/#\\\/schema\\\/person\\\/568c4355480c07245f1bb8e29628a164\"},\"breadcrumb\":{\"@id\":\"https:\\\/\\\/girona.euses.cat\\\/es\\\/abiertas-las-inscripciones-para-la-formacion-continuada-en-fisioterapia-de-euses-para-el-curso-2026-27-con-cuatro-grandes-novedades\\\/#breadcrumb\"},\"inLanguage\":\"es\",\"potentialAction\":[{\"@type\":\"ReadAction\",\"target\":[\"https:\\\/\\\/girona.euses.cat\\\/es\\\/abiertas-las-inscripciones-para-la-formacion-continuada-en-fisioterapia-de-euses-para-el-curso-2026-27-con-cuatro-grandes-novedades\\\/\"]}]},{\"@type\":\"ImageObject\",\"inLanguage\":\"es\",\"@id\":\"https:\\\/\\\/girona.euses.cat\\\/es\\\/abiertas-las-inscripciones-para-la-formacion-continuada-en-fisioterapia-de-euses-para-el-curso-2026-27-con-cuatro-grandes-novedades\\\/#primaryimage\",\"url\":\"https:\\\/\\\/girona.euses.cat\\\/wp-content\\\/uploads\\\/2025\\\/12\\\/formacion-continuada-fisio-1.png\",\"contentUrl\":\"https:\\\/\\\/girona.euses.cat\\\/wp-content\\\/uploads\\\/2025\\\/12\\\/formacion-continuada-fisio-1.png\",\"width\":907,\"height\":680},{\"@type\":\"BreadcrumbList\",\"@id\":\"https:\\\/\\\/girona.euses.cat\\\/es\\\/abiertas-las-inscripciones-para-la-formacion-continuada-en-fisioterapia-de-euses-para-el-curso-2026-27-con-cuatro-grandes-novedades\\\/#breadcrumb\",\"itemListElement\":[{\"@type\":\"ListItem\",\"position\":1,\"name\":\"Portada\",\"item\":\"https:\\\/\\\/girona.euses.cat\\\/es\\\/\"},{\"@type\":\"ListItem\",\"position\":2,\"name\":\"Abiertas las inscripciones para la Formaci\u00f3n Continuada en Fisioterapia de EUSES para el curso 2026-27, con cuatro grandes novedades\"}]},{\"@type\":\"WebSite\",\"@id\":\"https:\\\/\\\/girona.euses.cat\\\/#website\",\"url\":\"https:\\\/\\\/girona.euses.cat\\\/\",\"name\":\"Euses - Campus de Salt (Girona)\",\"description\":\"EUSES, Escola Universit\u00e0ria de Fisioter\u00e0pia i CAFE\",\"potentialAction\":[{\"@type\":\"SearchAction\",\"target\":{\"@type\":\"EntryPoint\",\"urlTemplate\":\"https:\\\/\\\/girona.euses.cat\\\/?s={search_term_string}\"},\"query-input\":{\"@type\":\"PropertyValueSpecification\",\"valueRequired\":true,\"valueName\":\"search_term_string\"}}],\"inLanguage\":\"es\"},{\"@type\":\"Person\",\"@id\":\"https:\\\/\\\/girona.euses.cat\\\/#\\\/schema\\\/person\\\/568c4355480c07245f1bb8e29628a164\",\"name\":\"Jordi Danes\",\"image\":{\"@type\":\"ImageObject\",\"inLanguage\":\"es\",\"@id\":\"https:\\\/\\\/secure.gravatar.com\\\/avatar\\\/a9e4f443b594af225625ee8cfa665e41b1e0740ea34fbe0515b4ca559f8570ef?s=96&d=mm&r=g\",\"url\":\"https:\\\/\\\/secure.gravatar.com\\\/avatar\\\/a9e4f443b594af225625ee8cfa665e41b1e0740ea34fbe0515b4ca559f8570ef?s=96&d=mm&r=g\",\"contentUrl\":\"https:\\\/\\\/secure.gravatar.com\\\/avatar\\\/a9e4f443b594af225625ee8cfa665e41b1e0740ea34fbe0515b4ca559f8570ef?s=96&d=mm&r=g\",\"caption\":\"Jordi Danes\"}}]}<\/script>\n<!-- \/ Yoast SEO plugin. -->","yoast_head_json":{"title":"Abiertas las inscripciones para la Formaci\u00f3n Continuada en Fisioterapia de EUSES para el curso 2026-27, con cuatro grandes novedades | Euses - Campus de Salt (Girona)","robots":{"index":"index","follow":"follow","max-snippet":"max-snippet:-1","max-image-preview":"max-image-preview:large","max-video-preview":"max-video-preview:-1"},"canonical":"https:\/\/girona.euses.cat\/es\/abiertas-las-inscripciones-para-la-formacion-continuada-en-fisioterapia-de-euses-para-el-curso-2026-27-con-cuatro-grandes-novedades\/","og_locale":"es_ES","og_type":"article","og_title":"Abiertas las inscripciones para la Formaci\u00f3n Continuada en Fisioterapia de EUSES para el curso 2026-27, con cuatro grandes novedades | Euses - Campus de Salt (Girona)","og_description":"La Escola Universit\u00e0ria de la Salut i l\u2019Esport(EUSES) ha abierto oficialmente el periodo de inscripciones para su programa de Formaci\u00f3n Continuada en Fisioterapia de cara al curso acad\u00e9mico 2026-27. El dise\u00f1o y la planificaci\u00f3n de este ambicioso programa ha corrido a cargo del Dr. Pere Iglesias, coordinador de la formaci\u00f3n continuada y de posgrado de [&hellip;]","og_url":"https:\/\/girona.euses.cat\/es\/abiertas-las-inscripciones-para-la-formacion-continuada-en-fisioterapia-de-euses-para-el-curso-2026-27-con-cuatro-grandes-novedades\/","og_site_name":"Euses - Campus de Salt (Girona)","article_publisher":"https:\/\/www.facebook.com\/EUSESoficial","article_published_time":"2026-07-20T07:36:54+00:00","article_modified_time":"2026-07-22T12:04:03+00:00","og_image":[{"width":907,"height":680,"url":"https:\/\/girona.euses.cat\/wp-content\/uploads\/2025\/12\/formacion-continuada-fisio-1.png","type":"image\/png"}],"author":"Jordi Danes","twitter_card":"summary_large_image","twitter_creator":"@EUSES_oficial","twitter_site":"@EUSES_oficial","twitter_misc":{"Escrito por":"Jordi Danes","Tiempo de lectura":"5 minutos"},"schema":{"@context":"https:\/\/schema.org","@graph":[{"@type":"Article","@id":"https:\/\/girona.euses.cat\/es\/abiertas-las-inscripciones-para-la-formacion-continuada-en-fisioterapia-de-euses-para-el-curso-2026-27-con-cuatro-grandes-novedades\/#article","isPartOf":{"@id":"https:\/\/girona.euses.cat\/es\/abiertas-las-inscripciones-para-la-formacion-continuada-en-fisioterapia-de-euses-para-el-curso-2026-27-con-cuatro-grandes-novedades\/"},"author":{"name":"Jordi Danes","@id":"https:\/\/girona.euses.cat\/#\/schema\/person\/568c4355480c07245f1bb8e29628a164"},"headline":"Abiertas las inscripciones para la Formaci\u00f3n Continuada en Fisioterapia de EUSES para el curso 2026-27, con cuatro grandes novedades","datePublished":"2026-07-20T07:36:54+00:00","dateModified":"2026-07-22T12:04:03+00:00","mainEntityOfPage":{"@id":"https:\/\/girona.euses.cat\/es\/abiertas-las-inscripciones-para-la-formacion-continuada-en-fisioterapia-de-euses-para-el-curso-2026-27-con-cuatro-grandes-novedades\/"},"wordCount":856,"commentCount":0,"image":{"@id":"https:\/\/girona.euses.cat\/es\/abiertas-las-inscripciones-para-la-formacion-continuada-en-fisioterapia-de-euses-para-el-curso-2026-27-con-cuatro-grandes-novedades\/#primaryimage"},"thumbnailUrl":"https:\/\/girona.euses.cat\/wp-content\/uploads\/2025\/12\/formacion-continuada-fisio-1.png","articleSection":["Fisioterapia EUSES-SALT"],"inLanguage":"es","potentialAction":[{"@type":"CommentAction","name":"Comment","target":["https:\/\/girona.euses.cat\/es\/abiertas-las-inscripciones-para-la-formacion-continuada-en-fisioterapia-de-euses-para-el-curso-2026-27-con-cuatro-grandes-novedades\/#respond"]}]},{"@type":"WebPage","@id":"https:\/\/girona.euses.cat\/es\/abiertas-las-inscripciones-para-la-formacion-continuada-en-fisioterapia-de-euses-para-el-curso-2026-27-con-cuatro-grandes-novedades\/","url":"https:\/\/girona.euses.cat\/es\/abiertas-las-inscripciones-para-la-formacion-continuada-en-fisioterapia-de-euses-para-el-curso-2026-27-con-cuatro-grandes-novedades\/","name":"Abiertas las inscripciones para la Formaci\u00f3n Continuada en Fisioterapia de EUSES para el curso 2026-27, con cuatro grandes novedades | Euses - Campus de Salt (Girona)","isPartOf":{"@id":"https:\/\/girona.euses.cat\/#website"},"primaryImageOfPage":{"@id":"https:\/\/girona.euses.cat\/es\/abiertas-las-inscripciones-para-la-formacion-continuada-en-fisioterapia-de-euses-para-el-curso-2026-27-con-cuatro-grandes-novedades\/#primaryimage"},"image":{"@id":"https:\/\/girona.euses.cat\/es\/abiertas-las-inscripciones-para-la-formacion-continuada-en-fisioterapia-de-euses-para-el-curso-2026-27-con-cuatro-grandes-novedades\/#primaryimage"},"thumbnailUrl":"https:\/\/girona.euses.cat\/wp-content\/uploads\/2025\/12\/formacion-continuada-fisio-1.png","datePublished":"2026-07-20T07:36:54+00:00","dateModified":"2026-07-22T12:04:03+00:00","author":{"@id":"https:\/\/girona.euses.cat\/#\/schema\/person\/568c4355480c07245f1bb8e29628a164"},"breadcrumb":{"@id":"https:\/\/girona.euses.cat\/es\/abiertas-las-inscripciones-para-la-formacion-continuada-en-fisioterapia-de-euses-para-el-curso-2026-27-con-cuatro-grandes-novedades\/#breadcrumb"},"inLanguage":"es","potentialAction":[{"@type":"ReadAction","target":["https:\/\/girona.euses.cat\/es\/abiertas-las-inscripciones-para-la-formacion-continuada-en-fisioterapia-de-euses-para-el-curso-2026-27-con-cuatro-grandes-novedades\/"]}]},{"@type":"ImageObject","inLanguage":"es","@id":"https:\/\/girona.euses.cat\/es\/abiertas-las-inscripciones-para-la-formacion-continuada-en-fisioterapia-de-euses-para-el-curso-2026-27-con-cuatro-grandes-novedades\/#primaryimage","url":"https:\/\/girona.euses.cat\/wp-content\/uploads\/2025\/12\/formacion-continuada-fisio-1.png","contentUrl":"https:\/\/girona.euses.cat\/wp-content\/uploads\/2025\/12\/formacion-continuada-fisio-1.png","width":907,"height":680},{"@type":"BreadcrumbList","@id":"https:\/\/girona.euses.cat\/es\/abiertas-las-inscripciones-para-la-formacion-continuada-en-fisioterapia-de-euses-para-el-curso-2026-27-con-cuatro-grandes-novedades\/#breadcrumb","itemListElement":[{"@type":"ListItem","position":1,"name":"Portada","item":"https:\/\/girona.euses.cat\/es\/"},{"@type":"ListItem","position":2,"name":"Abiertas las inscripciones para la Formaci\u00f3n Continuada en Fisioterapia de EUSES para el curso 2026-27, con cuatro grandes novedades"}]},{"@type":"WebSite","@id":"https:\/\/girona.euses.cat\/#website","url":"https:\/\/girona.euses.cat\/","name":"Euses - Campus de Salt (Girona)","description":"EUSES, Escola Universit\u00e0ria de Fisioter\u00e0pia i CAFE","potentialAction":[{"@type":"SearchAction","target":{"@type":"EntryPoint","urlTemplate":"https:\/\/girona.euses.cat\/?s={search_term_string}"},"query-input":{"@type":"PropertyValueSpecification","valueRequired":true,"valueName":"search_term_string"}}],"inLanguage":"es"},{"@type":"Person","@id":"https:\/\/girona.euses.cat\/#\/schema\/person\/568c4355480c07245f1bb8e29628a164","name":"Jordi Danes","image":{"@type":"ImageObject","inLanguage":"es","@id":"https:\/\/secure.gravatar.com\/avatar\/a9e4f443b594af225625ee8cfa665e41b1e0740ea34fbe0515b4ca559f8570ef?s=96&d=mm&r=g","url":"https:\/\/secure.gravatar.com\/avatar\/a9e4f443b594af225625ee8cfa665e41b1e0740ea34fbe0515b4ca559f8570ef?s=96&d=mm&r=g","contentUrl":"https:\/\/secure.gravatar.com\/avatar\/a9e4f443b594af225625ee8cfa665e41b1e0740ea34fbe0515b4ca559f8570ef?s=96&d=mm&r=g","caption":"Jordi Danes"}}]}},"_links":{"self":[{"href":"https:\/\/girona.euses.cat\/es\/wp-json\/wp\/v2\/posts\/113495","targetHints":{"allow":["GET"]}}],"collection":[{"href":"https:\/\/girona.euses.cat\/es\/wp-json\/wp\/v2\/posts"}],"about":[{"href":"https:\/\/girona.euses.cat\/es\/wp-json\/wp\/v2\/types\/post"}],"author":[{"embeddable":true,"href":"https:\/\/girona.euses.cat\/es\/wp-json\/wp\/v2\/users\/2"}],"replies":[{"embeddable":true,"href":"https:\/\/girona.euses.cat\/es\/wp-json\/wp\/v2\/comments?post=113495"}],"version-history":[{"count":3,"href":"https:\/\/girona.euses.cat\/es\/wp-json\/wp\/v2\/posts\/113495\/revisions"}],"predecessor-version":[{"id":113502,"href":"https:\/\/girona.euses.cat\/es\/wp-json\/wp\/v2\/posts\/113495\/revisions\/113502"}],"wp:featuredmedia":[{"embeddable":true,"href":"https:\/\/girona.euses.cat\/es\/wp-json\/wp\/v2\/media\/110902"}],"wp:attachment":[{"href":"https:\/\/girona.euses.cat\/es\/wp-json\/wp\/v2\/media?parent=113495"}],"wp:term":[{"taxonomy":"category","embeddable":true,"href":"https:\/\/girona.euses.cat\/es\/wp-json\/wp\/v2\/categories?post=113495"},{"taxonomy":"post_tag","embeddable":true,"href":"https:\/\/girona.euses.cat\/es\/wp-json\/wp\/v2\/tags?post=113495"}],"curies":[{"name":"wp","href":"https:\/\/api.w.org\/{rel}","templated":true}]}}