{"id":113111,"date":"2026-06-29T12:58:17","date_gmt":"2026-06-29T10:58:17","guid":{"rendered":"https:\/\/girona.euses.cat\/?p=113111"},"modified":"2026-06-29T12:58:17","modified_gmt":"2026-06-29T10:58:17","slug":"el-hospital-de-figueres-acoge-la-presentacion-del-nuevo-posgrado-en-envejecimiento-activo-y-calidad-de-vida-en-una-mesa-redonda-con-expertos","status":"publish","type":"post","link":"https:\/\/girona.euses.cat\/es\/el-hospital-de-figueres-acoge-la-presentacion-del-nuevo-posgrado-en-envejecimiento-activo-y-calidad-de-vida-en-una-mesa-redonda-con-expertos\/","title":{"rendered":"El Hospital de Figueres acoge la presentaci\u00f3n del nuevo Posgrado en Envejecimiento Activo y Calidad de Vida en una mesa redonda con expertos"},"content":{"rendered":"<p>La Sala de Actos del Hospital de Figueres acogi\u00f3 el pasado lunes 22 de junio la mesa redonda de presentaci\u00f3n del nuevo <a href=\"https:\/\/girona.euses.cat\/estudis\/diploma-despecialitzacio-en-envelliment-actiu-i-qualitat-de-vida\/\">Posgrado en Envejecimiento Activo y Calidad de Vida<\/a>, una nueva apuesta formativa impulsada por la Escola Universit\u00e0ria de la Salut i l\u2019Esport (EUSES). El acto sirvi\u00f3 para dar a conocer los detalles de este diploma de especializaci\u00f3n, dise\u00f1ado para responder a los retos demogr\u00e1ficos actuales a trav\u00e9s de la salud, el deporte y el \u00e1mbito social.<\/p>\n<p>La jornada comenz\u00f3 con una intervenci\u00f3n a cargo de Anna Ferrusola, directora del programa, y Cristina Serrabassa, coordinadora del curso. Ambas ofrecieron una contextualizaci\u00f3n general del posgrado, detallando su estructura acad\u00e9mica, los objetivos principales y el funcionamiento organizativo de cara al pr\u00f3ximo curso.<\/p>\n<p>Tras la introducci\u00f3n, Ferrusola y Serrabassa moderaron una mesa redonda din\u00e1mica en la que participaron los docentes del posgrado Esther Celda, Oriol Turr\u00f3 y Anna Casanovas. El objetivo de la sesi\u00f3n fue ofrecer a los asistentes una visi\u00f3n de los contenidos que forman el eje vertebrador de este t\u00edtulo, siguiendo el hilo conductor de las diferentes \u00e1reas de estudio:<\/p>\n<ul>\n<li><strong>Promoci\u00f3n de la salud y bases del envejecimiento:<\/strong> Se analizaron los factores biol\u00f3gicos, epidemiol\u00f3gicos y psicol\u00f3gicos que intervienen en la vejez, poniendo el foco en la fragilidad y el mantenimiento de la calidad de vida.<\/li>\n<li><strong>Actividad f\u00edsica adaptada:<\/strong> Se debati\u00f3 sobre el dise\u00f1o de estrategias y programas de ejercicio espec\u00edficos para fomentar un envejecimiento activo y la autonom\u00eda funcional.<\/li>\n<li><strong>Nutrici\u00f3n y bienestar:<\/strong> Los expertos destacaron la relevancia de una alimentaci\u00f3n adecuada como pilar fundamental para la salud de las personas mayores.<\/li>\n<\/ul>\n<p>Durante el acto, los profesores intercambiaron preguntas para generar un debate fluido y subrayaron los aspectos m\u00e1s atractivos del temario para aquellos profesionales que est\u00e9n valorando cursar el posgrado. La sesi\u00f3n concluy\u00f3 con un turno abierto de palabras en el que se resolvieron las dudas del p\u00fablico asistente.<\/p>\n<p>En la presentaci\u00f3n, que tambi\u00e9n cont\u00f3 con la presencia de \u00c0lex Vila (director asistencial de la Fundaci\u00f3 Salut Empord\u00e0), Anna Morillas (Tercera teniente de alcalde y concejala de educaci\u00f3n del Ayuntamiento de Figueres) y Carme Mart\u00ednez (Primera teniente de alcalde y concejala de personas mayores del Ayuntamiento de Figueres), se recordaron las l\u00edneas maestras de la organizaci\u00f3n de este diploma de especializaci\u00f3n de 30 cr\u00e9ditos ECTS: se realizar\u00e1 desde el 9 de octubre de 2026 hasta el 31 de mayo de 2027, con un formato presencial en las instalaciones del Hospital de Figueres y un horario intensivo de fines de semana (viernes por la tarde y s\u00e1bados durante todo el d\u00eda) para facilitar la conciliaci\u00f3n de los profesionales en activo. El <a href=\"https:\/\/www.fundacioudg.org\/ca\/diploma-especialitzacio-envelliment-actiu-qualitat-vida.html\">periodo de inscripciones est\u00e1 abierto<\/a> y las plazas est\u00e1n limitadas a 30. Las solicitudes se pueden tramitar a trav\u00e9s de la secretar\u00eda de EUSES o de la Fundaci\u00f3 UdG.<\/p>\n","protected":false},"excerpt":{"rendered":"<p>La Sala de Actos del Hospital de Figueres acogi\u00f3 el pasado lunes 22 de junio la mesa redonda de presentaci\u00f3n del nuevo Posgrado en Envejecimiento Activo y Calidad de Vida, una nueva apuesta formativa impulsada por la Escola Universit\u00e0ria de la Salut i l\u2019Esport (EUSES). El acto sirvi\u00f3 para dar a conocer los detalles de [&hellip;]<\/p>\n","protected":false},"author":2,"featured_media":113109,"comment_status":"open","ping_status":"closed","sticky":false,"template":"","format":"standard","meta":{"_acf_changed":false,"inline_featured_image":false,"ngg_post_thumbnail":0,"footnotes":""},"categories":[49],"tags":[],"class_list":["post-113111","post","type-post","status-publish","format-standard","has-post-thumbnail","hentry","category-fisio-salt-es"],"acf":[],"yoast_head":"<!-- This site is optimized with the Yoast SEO plugin v28.3 - https:\/\/yoast.com\/product\/yoast-seo-wordpress\/ -->\n<title>El Hospital de Figueres acoge la presentaci\u00f3n del nuevo Posgrado en Envejecimiento Activo y Calidad de Vida en una mesa redonda con expertos | Euses - Campus de Salt (Girona)<\/title>\n<meta name=\"robots\" content=\"index, follow, max-snippet:-1, max-image-preview:large, max-video-preview:-1\" \/>\n<link rel=\"canonical\" href=\"https:\/\/girona.euses.cat\/es\/el-hospital-de-figueres-acoge-la-presentacion-del-nuevo-posgrado-en-envejecimiento-activo-y-calidad-de-vida-en-una-mesa-redonda-con-expertos\/\" \/>\n<meta property=\"og:locale\" content=\"es_ES\" \/>\n<meta property=\"og:type\" content=\"article\" \/>\n<meta property=\"og:title\" content=\"El Hospital de Figueres acoge la presentaci\u00f3n del nuevo Posgrado en Envejecimiento Activo y Calidad de Vida en una mesa redonda con expertos | Euses - Campus de Salt (Girona)\" \/>\n<meta property=\"og:description\" content=\"La Sala de Actos del Hospital de Figueres acogi\u00f3 el pasado lunes 22 de junio la mesa redonda de presentaci\u00f3n del nuevo Posgrado en Envejecimiento Activo y Calidad de Vida, una nueva apuesta formativa impulsada por la Escola Universit\u00e0ria de la Salut i l\u2019Esport (EUSES). El acto sirvi\u00f3 para dar a conocer los detalles de [&hellip;]\" \/>\n<meta property=\"og:url\" content=\"https:\/\/girona.euses.cat\/es\/el-hospital-de-figueres-acoge-la-presentacion-del-nuevo-posgrado-en-envejecimiento-activo-y-calidad-de-vida-en-una-mesa-redonda-con-expertos\/\" \/>\n<meta property=\"og:site_name\" content=\"Euses - Campus de Salt (Girona)\" \/>\n<meta property=\"article:publisher\" content=\"https:\/\/www.facebook.com\/EUSESoficial\" \/>\n<meta property=\"article:published_time\" content=\"2026-06-29T10:58:17+00:00\" \/>\n<meta property=\"og:image\" content=\"https:\/\/girona.euses.cat\/wp-content\/uploads\/2026\/06\/Diploma-envelliment.jpg\" \/>\n\t<meta property=\"og:image:width\" content=\"1536\" \/>\n\t<meta property=\"og:image:height\" content=\"2048\" \/>\n\t<meta property=\"og:image:type\" content=\"image\/jpeg\" \/>\n<meta name=\"author\" content=\"Jordi Danes\" \/>\n<meta name=\"twitter:card\" content=\"summary_large_image\" \/>\n<meta name=\"twitter:creator\" content=\"@EUSES_oficial\" \/>\n<meta name=\"twitter:site\" content=\"@EUSES_oficial\" \/>\n<meta name=\"twitter:label1\" content=\"Escrito por\" \/>\n\t<meta name=\"twitter:data1\" content=\"Jordi Danes\" \/>\n\t<meta name=\"twitter:label2\" content=\"Tiempo de lectura\" \/>\n\t<meta name=\"twitter:data2\" content=\"3 minutos\" \/>\n<script type=\"application\/ld+json\" class=\"yoast-schema-graph\">{\"@context\":\"https:\\\/\\\/schema.org\",\"@graph\":[{\"@type\":\"Article\",\"@id\":\"https:\\\/\\\/girona.euses.cat\\\/es\\\/el-hospital-de-figueres-acoge-la-presentacion-del-nuevo-posgrado-en-envejecimiento-activo-y-calidad-de-vida-en-una-mesa-redonda-con-expertos\\\/#article\",\"isPartOf\":{\"@id\":\"https:\\\/\\\/girona.euses.cat\\\/es\\\/el-hospital-de-figueres-acoge-la-presentacion-del-nuevo-posgrado-en-envejecimiento-activo-y-calidad-de-vida-en-una-mesa-redonda-con-expertos\\\/\"},\"author\":{\"name\":\"Jordi Danes\",\"@id\":\"https:\\\/\\\/girona.euses.cat\\\/#\\\/schema\\\/person\\\/568c4355480c07245f1bb8e29628a164\"},\"headline\":\"El Hospital de Figueres acoge la presentaci\u00f3n del nuevo Posgrado en Envejecimiento Activo y Calidad de Vida en una mesa redonda con expertos\",\"datePublished\":\"2026-06-29T10:58:17+00:00\",\"mainEntityOfPage\":{\"@id\":\"https:\\\/\\\/girona.euses.cat\\\/es\\\/el-hospital-de-figueres-acoge-la-presentacion-del-nuevo-posgrado-en-envejecimiento-activo-y-calidad-de-vida-en-una-mesa-redonda-con-expertos\\\/\"},\"wordCount\":520,\"commentCount\":0,\"image\":{\"@id\":\"https:\\\/\\\/girona.euses.cat\\\/es\\\/el-hospital-de-figueres-acoge-la-presentacion-del-nuevo-posgrado-en-envejecimiento-activo-y-calidad-de-vida-en-una-mesa-redonda-con-expertos\\\/#primaryimage\"},\"thumbnailUrl\":\"https:\\\/\\\/girona.euses.cat\\\/wp-content\\\/uploads\\\/2026\\\/06\\\/Diploma-envelliment.jpg\",\"articleSection\":[\"Fisioterapia EUSES-SALT\"],\"inLanguage\":\"es\",\"potentialAction\":[{\"@type\":\"CommentAction\",\"name\":\"Comment\",\"target\":[\"https:\\\/\\\/girona.euses.cat\\\/es\\\/el-hospital-de-figueres-acoge-la-presentacion-del-nuevo-posgrado-en-envejecimiento-activo-y-calidad-de-vida-en-una-mesa-redonda-con-expertos\\\/#respond\"]}]},{\"@type\":\"WebPage\",\"@id\":\"https:\\\/\\\/girona.euses.cat\\\/es\\\/el-hospital-de-figueres-acoge-la-presentacion-del-nuevo-posgrado-en-envejecimiento-activo-y-calidad-de-vida-en-una-mesa-redonda-con-expertos\\\/\",\"url\":\"https:\\\/\\\/girona.euses.cat\\\/es\\\/el-hospital-de-figueres-acoge-la-presentacion-del-nuevo-posgrado-en-envejecimiento-activo-y-calidad-de-vida-en-una-mesa-redonda-con-expertos\\\/\",\"name\":\"El Hospital de Figueres acoge la presentaci\u00f3n del nuevo Posgrado en Envejecimiento Activo y Calidad de Vida en una mesa redonda con expertos | Euses - Campus de Salt (Girona)\",\"isPartOf\":{\"@id\":\"https:\\\/\\\/girona.euses.cat\\\/#website\"},\"primaryImageOfPage\":{\"@id\":\"https:\\\/\\\/girona.euses.cat\\\/es\\\/el-hospital-de-figueres-acoge-la-presentacion-del-nuevo-posgrado-en-envejecimiento-activo-y-calidad-de-vida-en-una-mesa-redonda-con-expertos\\\/#primaryimage\"},\"image\":{\"@id\":\"https:\\\/\\\/girona.euses.cat\\\/es\\\/el-hospital-de-figueres-acoge-la-presentacion-del-nuevo-posgrado-en-envejecimiento-activo-y-calidad-de-vida-en-una-mesa-redonda-con-expertos\\\/#primaryimage\"},\"thumbnailUrl\":\"https:\\\/\\\/girona.euses.cat\\\/wp-content\\\/uploads\\\/2026\\\/06\\\/Diploma-envelliment.jpg\",\"datePublished\":\"2026-06-29T10:58:17+00:00\",\"author\":{\"@id\":\"https:\\\/\\\/girona.euses.cat\\\/#\\\/schema\\\/person\\\/568c4355480c07245f1bb8e29628a164\"},\"breadcrumb\":{\"@id\":\"https:\\\/\\\/girona.euses.cat\\\/es\\\/el-hospital-de-figueres-acoge-la-presentacion-del-nuevo-posgrado-en-envejecimiento-activo-y-calidad-de-vida-en-una-mesa-redonda-con-expertos\\\/#breadcrumb\"},\"inLanguage\":\"es\",\"potentialAction\":[{\"@type\":\"ReadAction\",\"target\":[\"https:\\\/\\\/girona.euses.cat\\\/es\\\/el-hospital-de-figueres-acoge-la-presentacion-del-nuevo-posgrado-en-envejecimiento-activo-y-calidad-de-vida-en-una-mesa-redonda-con-expertos\\\/\"]}]},{\"@type\":\"ImageObject\",\"inLanguage\":\"es\",\"@id\":\"https:\\\/\\\/girona.euses.cat\\\/es\\\/el-hospital-de-figueres-acoge-la-presentacion-del-nuevo-posgrado-en-envejecimiento-activo-y-calidad-de-vida-en-una-mesa-redonda-con-expertos\\\/#primaryimage\",\"url\":\"https:\\\/\\\/girona.euses.cat\\\/wp-content\\\/uploads\\\/2026\\\/06\\\/Diploma-envelliment.jpg\",\"contentUrl\":\"https:\\\/\\\/girona.euses.cat\\\/wp-content\\\/uploads\\\/2026\\\/06\\\/Diploma-envelliment.jpg\",\"width\":1536,\"height\":2048},{\"@type\":\"BreadcrumbList\",\"@id\":\"https:\\\/\\\/girona.euses.cat\\\/es\\\/el-hospital-de-figueres-acoge-la-presentacion-del-nuevo-posgrado-en-envejecimiento-activo-y-calidad-de-vida-en-una-mesa-redonda-con-expertos\\\/#breadcrumb\",\"itemListElement\":[{\"@type\":\"ListItem\",\"position\":1,\"name\":\"Portada\",\"item\":\"https:\\\/\\\/girona.euses.cat\\\/es\\\/\"},{\"@type\":\"ListItem\",\"position\":2,\"name\":\"El Hospital de Figueres acoge la presentaci\u00f3n del nuevo Posgrado en Envejecimiento Activo y Calidad de Vida en una mesa redonda con expertos\"}]},{\"@type\":\"WebSite\",\"@id\":\"https:\\\/\\\/girona.euses.cat\\\/#website\",\"url\":\"https:\\\/\\\/girona.euses.cat\\\/\",\"name\":\"Euses - Campus de Salt (Girona)\",\"description\":\"EUSES, Escola Universit\u00e0ria de Fisioter\u00e0pia i CAFE\",\"potentialAction\":[{\"@type\":\"SearchAction\",\"target\":{\"@type\":\"EntryPoint\",\"urlTemplate\":\"https:\\\/\\\/girona.euses.cat\\\/?s={search_term_string}\"},\"query-input\":{\"@type\":\"PropertyValueSpecification\",\"valueRequired\":true,\"valueName\":\"search_term_string\"}}],\"inLanguage\":\"es\"},{\"@type\":\"Person\",\"@id\":\"https:\\\/\\\/girona.euses.cat\\\/#\\\/schema\\\/person\\\/568c4355480c07245f1bb8e29628a164\",\"name\":\"Jordi Danes\",\"image\":{\"@type\":\"ImageObject\",\"inLanguage\":\"es\",\"@id\":\"https:\\\/\\\/secure.gravatar.com\\\/avatar\\\/a9e4f443b594af225625ee8cfa665e41b1e0740ea34fbe0515b4ca559f8570ef?s=96&d=mm&r=g\",\"url\":\"https:\\\/\\\/secure.gravatar.com\\\/avatar\\\/a9e4f443b594af225625ee8cfa665e41b1e0740ea34fbe0515b4ca559f8570ef?s=96&d=mm&r=g\",\"contentUrl\":\"https:\\\/\\\/secure.gravatar.com\\\/avatar\\\/a9e4f443b594af225625ee8cfa665e41b1e0740ea34fbe0515b4ca559f8570ef?s=96&d=mm&r=g\",\"caption\":\"Jordi Danes\"}}]}<\/script>\n<!-- \/ Yoast SEO plugin. -->","yoast_head_json":{"title":"El Hospital de Figueres acoge la presentaci\u00f3n del nuevo Posgrado en Envejecimiento Activo y Calidad de Vida en una mesa redonda con expertos | Euses - Campus de Salt (Girona)","robots":{"index":"index","follow":"follow","max-snippet":"max-snippet:-1","max-image-preview":"max-image-preview:large","max-video-preview":"max-video-preview:-1"},"canonical":"https:\/\/girona.euses.cat\/es\/el-hospital-de-figueres-acoge-la-presentacion-del-nuevo-posgrado-en-envejecimiento-activo-y-calidad-de-vida-en-una-mesa-redonda-con-expertos\/","og_locale":"es_ES","og_type":"article","og_title":"El Hospital de Figueres acoge la presentaci\u00f3n del nuevo Posgrado en Envejecimiento Activo y Calidad de Vida en una mesa redonda con expertos | Euses - Campus de Salt (Girona)","og_description":"La Sala de Actos del Hospital de Figueres acogi\u00f3 el pasado lunes 22 de junio la mesa redonda de presentaci\u00f3n del nuevo Posgrado en Envejecimiento Activo y Calidad de Vida, una nueva apuesta formativa impulsada por la Escola Universit\u00e0ria de la Salut i l\u2019Esport (EUSES). El acto sirvi\u00f3 para dar a conocer los detalles de [&hellip;]","og_url":"https:\/\/girona.euses.cat\/es\/el-hospital-de-figueres-acoge-la-presentacion-del-nuevo-posgrado-en-envejecimiento-activo-y-calidad-de-vida-en-una-mesa-redonda-con-expertos\/","og_site_name":"Euses - Campus de Salt (Girona)","article_publisher":"https:\/\/www.facebook.com\/EUSESoficial","article_published_time":"2026-06-29T10:58:17+00:00","og_image":[{"width":1536,"height":2048,"url":"https:\/\/girona.euses.cat\/wp-content\/uploads\/2026\/06\/Diploma-envelliment.jpg","type":"image\/jpeg"}],"author":"Jordi Danes","twitter_card":"summary_large_image","twitter_creator":"@EUSES_oficial","twitter_site":"@EUSES_oficial","twitter_misc":{"Escrito por":"Jordi Danes","Tiempo de lectura":"3 minutos"},"schema":{"@context":"https:\/\/schema.org","@graph":[{"@type":"Article","@id":"https:\/\/girona.euses.cat\/es\/el-hospital-de-figueres-acoge-la-presentacion-del-nuevo-posgrado-en-envejecimiento-activo-y-calidad-de-vida-en-una-mesa-redonda-con-expertos\/#article","isPartOf":{"@id":"https:\/\/girona.euses.cat\/es\/el-hospital-de-figueres-acoge-la-presentacion-del-nuevo-posgrado-en-envejecimiento-activo-y-calidad-de-vida-en-una-mesa-redonda-con-expertos\/"},"author":{"name":"Jordi Danes","@id":"https:\/\/girona.euses.cat\/#\/schema\/person\/568c4355480c07245f1bb8e29628a164"},"headline":"El Hospital de Figueres acoge la presentaci\u00f3n del nuevo Posgrado en Envejecimiento Activo y Calidad de Vida en una mesa redonda con expertos","datePublished":"2026-06-29T10:58:17+00:00","mainEntityOfPage":{"@id":"https:\/\/girona.euses.cat\/es\/el-hospital-de-figueres-acoge-la-presentacion-del-nuevo-posgrado-en-envejecimiento-activo-y-calidad-de-vida-en-una-mesa-redonda-con-expertos\/"},"wordCount":520,"commentCount":0,"image":{"@id":"https:\/\/girona.euses.cat\/es\/el-hospital-de-figueres-acoge-la-presentacion-del-nuevo-posgrado-en-envejecimiento-activo-y-calidad-de-vida-en-una-mesa-redonda-con-expertos\/#primaryimage"},"thumbnailUrl":"https:\/\/girona.euses.cat\/wp-content\/uploads\/2026\/06\/Diploma-envelliment.jpg","articleSection":["Fisioterapia EUSES-SALT"],"inLanguage":"es","potentialAction":[{"@type":"CommentAction","name":"Comment","target":["https:\/\/girona.euses.cat\/es\/el-hospital-de-figueres-acoge-la-presentacion-del-nuevo-posgrado-en-envejecimiento-activo-y-calidad-de-vida-en-una-mesa-redonda-con-expertos\/#respond"]}]},{"@type":"WebPage","@id":"https:\/\/girona.euses.cat\/es\/el-hospital-de-figueres-acoge-la-presentacion-del-nuevo-posgrado-en-envejecimiento-activo-y-calidad-de-vida-en-una-mesa-redonda-con-expertos\/","url":"https:\/\/girona.euses.cat\/es\/el-hospital-de-figueres-acoge-la-presentacion-del-nuevo-posgrado-en-envejecimiento-activo-y-calidad-de-vida-en-una-mesa-redonda-con-expertos\/","name":"El Hospital de Figueres acoge la presentaci\u00f3n del nuevo Posgrado en Envejecimiento Activo y Calidad de Vida en una mesa redonda con expertos | Euses - Campus de Salt (Girona)","isPartOf":{"@id":"https:\/\/girona.euses.cat\/#website"},"primaryImageOfPage":{"@id":"https:\/\/girona.euses.cat\/es\/el-hospital-de-figueres-acoge-la-presentacion-del-nuevo-posgrado-en-envejecimiento-activo-y-calidad-de-vida-en-una-mesa-redonda-con-expertos\/#primaryimage"},"image":{"@id":"https:\/\/girona.euses.cat\/es\/el-hospital-de-figueres-acoge-la-presentacion-del-nuevo-posgrado-en-envejecimiento-activo-y-calidad-de-vida-en-una-mesa-redonda-con-expertos\/#primaryimage"},"thumbnailUrl":"https:\/\/girona.euses.cat\/wp-content\/uploads\/2026\/06\/Diploma-envelliment.jpg","datePublished":"2026-06-29T10:58:17+00:00","author":{"@id":"https:\/\/girona.euses.cat\/#\/schema\/person\/568c4355480c07245f1bb8e29628a164"},"breadcrumb":{"@id":"https:\/\/girona.euses.cat\/es\/el-hospital-de-figueres-acoge-la-presentacion-del-nuevo-posgrado-en-envejecimiento-activo-y-calidad-de-vida-en-una-mesa-redonda-con-expertos\/#breadcrumb"},"inLanguage":"es","potentialAction":[{"@type":"ReadAction","target":["https:\/\/girona.euses.cat\/es\/el-hospital-de-figueres-acoge-la-presentacion-del-nuevo-posgrado-en-envejecimiento-activo-y-calidad-de-vida-en-una-mesa-redonda-con-expertos\/"]}]},{"@type":"ImageObject","inLanguage":"es","@id":"https:\/\/girona.euses.cat\/es\/el-hospital-de-figueres-acoge-la-presentacion-del-nuevo-posgrado-en-envejecimiento-activo-y-calidad-de-vida-en-una-mesa-redonda-con-expertos\/#primaryimage","url":"https:\/\/girona.euses.cat\/wp-content\/uploads\/2026\/06\/Diploma-envelliment.jpg","contentUrl":"https:\/\/girona.euses.cat\/wp-content\/uploads\/2026\/06\/Diploma-envelliment.jpg","width":1536,"height":2048},{"@type":"BreadcrumbList","@id":"https:\/\/girona.euses.cat\/es\/el-hospital-de-figueres-acoge-la-presentacion-del-nuevo-posgrado-en-envejecimiento-activo-y-calidad-de-vida-en-una-mesa-redonda-con-expertos\/#breadcrumb","itemListElement":[{"@type":"ListItem","position":1,"name":"Portada","item":"https:\/\/girona.euses.cat\/es\/"},{"@type":"ListItem","position":2,"name":"El Hospital de Figueres acoge la presentaci\u00f3n del nuevo Posgrado en Envejecimiento Activo y Calidad de Vida en una mesa redonda con expertos"}]},{"@type":"WebSite","@id":"https:\/\/girona.euses.cat\/#website","url":"https:\/\/girona.euses.cat\/","name":"Euses - Campus de Salt (Girona)","description":"EUSES, Escola Universit\u00e0ria de Fisioter\u00e0pia i CAFE","potentialAction":[{"@type":"SearchAction","target":{"@type":"EntryPoint","urlTemplate":"https:\/\/girona.euses.cat\/?s={search_term_string}"},"query-input":{"@type":"PropertyValueSpecification","valueRequired":true,"valueName":"search_term_string"}}],"inLanguage":"es"},{"@type":"Person","@id":"https:\/\/girona.euses.cat\/#\/schema\/person\/568c4355480c07245f1bb8e29628a164","name":"Jordi Danes","image":{"@type":"ImageObject","inLanguage":"es","@id":"https:\/\/secure.gravatar.com\/avatar\/a9e4f443b594af225625ee8cfa665e41b1e0740ea34fbe0515b4ca559f8570ef?s=96&d=mm&r=g","url":"https:\/\/secure.gravatar.com\/avatar\/a9e4f443b594af225625ee8cfa665e41b1e0740ea34fbe0515b4ca559f8570ef?s=96&d=mm&r=g","contentUrl":"https:\/\/secure.gravatar.com\/avatar\/a9e4f443b594af225625ee8cfa665e41b1e0740ea34fbe0515b4ca559f8570ef?s=96&d=mm&r=g","caption":"Jordi Danes"}}]}},"_links":{"self":[{"href":"https:\/\/girona.euses.cat\/es\/wp-json\/wp\/v2\/posts\/113111","targetHints":{"allow":["GET"]}}],"collection":[{"href":"https:\/\/girona.euses.cat\/es\/wp-json\/wp\/v2\/posts"}],"about":[{"href":"https:\/\/girona.euses.cat\/es\/wp-json\/wp\/v2\/types\/post"}],"author":[{"embeddable":true,"href":"https:\/\/girona.euses.cat\/es\/wp-json\/wp\/v2\/users\/2"}],"replies":[{"embeddable":true,"href":"https:\/\/girona.euses.cat\/es\/wp-json\/wp\/v2\/comments?post=113111"}],"version-history":[{"count":1,"href":"https:\/\/girona.euses.cat\/es\/wp-json\/wp\/v2\/posts\/113111\/revisions"}],"predecessor-version":[{"id":113112,"href":"https:\/\/girona.euses.cat\/es\/wp-json\/wp\/v2\/posts\/113111\/revisions\/113112"}],"wp:featuredmedia":[{"embeddable":true,"href":"https:\/\/girona.euses.cat\/es\/wp-json\/wp\/v2\/media\/113109"}],"wp:attachment":[{"href":"https:\/\/girona.euses.cat\/es\/wp-json\/wp\/v2\/media?parent=113111"}],"wp:term":[{"taxonomy":"category","embeddable":true,"href":"https:\/\/girona.euses.cat\/es\/wp-json\/wp\/v2\/categories?post=113111"},{"taxonomy":"post_tag","embeddable":true,"href":"https:\/\/girona.euses.cat\/es\/wp-json\/wp\/v2\/tags?post=113111"}],"curies":[{"name":"wp","href":"https:\/\/api.w.org\/{rel}","templated":true}]}}