{"id":112629,"date":"2026-06-08T17:27:59","date_gmt":"2026-06-08T15:27:59","guid":{"rendered":"https:\/\/girona.euses.cat\/?p=112629"},"modified":"2026-06-09T17:54:40","modified_gmt":"2026-06-09T15:54:40","slug":"el-profesor-de-euses-iker-garcia-realiza-un-erasmus-en-turquia-para-potenciar-la-investigacion-en-el-deporte","status":"publish","type":"post","link":"https:\/\/girona.euses.cat\/es\/el-profesor-de-euses-iker-garcia-realiza-un-erasmus-en-turquia-para-potenciar-la-investigacion-en-el-deporte\/","title":{"rendered":"El profesor de EUSES Iker Garc\u00eda realiza un Erasmus+ en Turqu\u00eda para potenciar la investigaci\u00f3n en el deporte"},"content":{"rendered":"<p>El profesor Iker Garc\u00eda, docente del Grado en Ciencias de la Actividad F\u00edsica y del Deporte (CAFyD) en la Escola Universit\u00e0ria de la Salut i l\u2019Esport (EUSES), ha realizado una estancia internacional en Turqu\u00eda. La experiencia se ha enmarcado dentro del <a href=\"http:\/\/staffmobility.eu\/staffweek\/2nd-international-staff-week-enhancing\">2nd International Staff Week<\/a>, un programa de movilidad para personal universitario organizado bajo el paraguas de Erasmus+.<\/p>\n<p>El evento ha sido acogido por la Manisa Celal Bayar University. Las jornadas se han centrado en compartir m\u00e9todos para mejorar el bienestar a trav\u00e9s del deporte y la actividad en la naturaleza.<\/p>\n<p>Esta estancia ha permitido al profesor de EUSES convivir e intercambiar conocimientos con 22 profesionales de 12 universidades europeas diferentes. El encuentro ha facilitado la creaci\u00f3n de redes de contacto en todo el continente. Estos v\u00ednculos servir\u00e1n para iniciar futuras relaciones profesionales en el campo de la docencia y la investigaci\u00f3n en ciencias del deporte. Con esta acci\u00f3n, el centro universitario sigue reforzando la internacionalizaci\u00f3n de su equipo.<\/p>\n\n\t\t<style>\n\t\t\t#gallery-1 {\n\t\t\t\tmargin: auto;\n\t\t\t}\n\t\t\t#gallery-1 .gallery-item {\n\t\t\t\tfloat: left;\n\t\t\t\tmargin-top: 10px;\n\t\t\t\ttext-align: center;\n\t\t\t\twidth: 33%;\n\t\t\t}\n\t\t\t#gallery-1 img {\n\t\t\t\tborder: 2px solid #cfcfcf;\n\t\t\t}\n\t\t\t#gallery-1 .gallery-caption {\n\t\t\t\tmargin-left: 0;\n\t\t\t}\n\t\t\t\/* see gallery_shortcode() in wp-includes\/media.php *\/\n\t\t<\/style>\n\t\t<div id='gallery-1' class='gallery galleryid-112629 gallery-columns-3 gallery-size-medium'><dl class='gallery-item'>\n\t\t\t<dt class='gallery-icon landscape'>\n\t\t\t\t<a href='https:\/\/girona.euses.cat\/es\/el-profesor-de-euses-iker-garcia-realiza-un-erasmus-en-turquia-para-potenciar-la-investigacion-en-el-deporte\/iker-garcia-1-2-2\/'><img loading=\"lazy\" decoding=\"async\" width=\"300\" height=\"225\" src=\"https:\/\/girona.euses.cat\/wp-content\/uploads\/2026\/06\/iker-garcia-1-300x225.jpg\" class=\"attachment-medium size-medium\" alt=\"\" srcset=\"https:\/\/girona.euses.cat\/wp-content\/uploads\/2026\/06\/iker-garcia-1-300x225.jpg 300w, https:\/\/girona.euses.cat\/wp-content\/uploads\/2026\/06\/iker-garcia-1-1024x768.jpg 1024w, https:\/\/girona.euses.cat\/wp-content\/uploads\/2026\/06\/iker-garcia-1-768x576.jpg 768w, https:\/\/girona.euses.cat\/wp-content\/uploads\/2026\/06\/iker-garcia-1-1536x1152.jpg 1536w, https:\/\/girona.euses.cat\/wp-content\/uploads\/2026\/06\/iker-garcia-1-267x200.jpg 267w, https:\/\/girona.euses.cat\/wp-content\/uploads\/2026\/06\/iker-garcia-1-700x525.jpg 700w, https:\/\/girona.euses.cat\/wp-content\/uploads\/2026\/06\/iker-garcia-1.jpg 1600w\" sizes=\"auto, (max-width: 300px) 100vw, 300px\" \/><\/a>\n\t\t\t<\/dt><\/dl><dl class='gallery-item'>\n\t\t\t<dt class='gallery-icon landscape'>\n\t\t\t\t<a href='https:\/\/girona.euses.cat\/es\/el-profesor-de-euses-iker-garcia-realiza-un-erasmus-en-turquia-para-potenciar-la-investigacion-en-el-deporte\/iker-garcia-2-2-2\/'><img loading=\"lazy\" decoding=\"async\" width=\"300\" height=\"225\" src=\"https:\/\/girona.euses.cat\/wp-content\/uploads\/2026\/06\/iker-garcia-2-300x225.jpg\" class=\"attachment-medium size-medium\" alt=\"\" srcset=\"https:\/\/girona.euses.cat\/wp-content\/uploads\/2026\/06\/iker-garcia-2-300x225.jpg 300w, https:\/\/girona.euses.cat\/wp-content\/uploads\/2026\/06\/iker-garcia-2-1024x768.jpg 1024w, https:\/\/girona.euses.cat\/wp-content\/uploads\/2026\/06\/iker-garcia-2-768x576.jpg 768w, https:\/\/girona.euses.cat\/wp-content\/uploads\/2026\/06\/iker-garcia-2-1536x1152.jpg 1536w, https:\/\/girona.euses.cat\/wp-content\/uploads\/2026\/06\/iker-garcia-2-267x200.jpg 267w, https:\/\/girona.euses.cat\/wp-content\/uploads\/2026\/06\/iker-garcia-2-700x525.jpg 700w, https:\/\/girona.euses.cat\/wp-content\/uploads\/2026\/06\/iker-garcia-2.jpg 1600w\" sizes=\"auto, (max-width: 300px) 100vw, 300px\" \/><\/a>\n\t\t\t<\/dt><\/dl><dl class='gallery-item'>\n\t\t\t<dt class='gallery-icon landscape'>\n\t\t\t\t<a href='https:\/\/girona.euses.cat\/es\/el-profesor-de-euses-iker-garcia-realiza-un-erasmus-en-turquia-para-potenciar-la-investigacion-en-el-deporte\/iker-garcia-3-2-2\/'><img loading=\"lazy\" decoding=\"async\" width=\"300\" height=\"169\" src=\"https:\/\/girona.euses.cat\/wp-content\/uploads\/2026\/06\/iker-garcia-3-300x169.jpg\" class=\"attachment-medium size-medium\" alt=\"\" srcset=\"https:\/\/girona.euses.cat\/wp-content\/uploads\/2026\/06\/iker-garcia-3-300x169.jpg 300w, https:\/\/girona.euses.cat\/wp-content\/uploads\/2026\/06\/iker-garcia-3-1024x576.jpg 1024w, https:\/\/girona.euses.cat\/wp-content\/uploads\/2026\/06\/iker-garcia-3-768x432.jpg 768w, https:\/\/girona.euses.cat\/wp-content\/uploads\/2026\/06\/iker-garcia-3-1536x864.jpg 1536w, https:\/\/girona.euses.cat\/wp-content\/uploads\/2026\/06\/iker-garcia-3-350x197.jpg 350w, https:\/\/girona.euses.cat\/wp-content\/uploads\/2026\/06\/iker-garcia-3.jpg 1600w\" sizes=\"auto, (max-width: 300px) 100vw, 300px\" \/><\/a>\n\t\t\t<\/dt><\/dl><br style=\"clear: both\" \/>\n\t\t<\/div>\n\n","protected":false},"excerpt":{"rendered":"<p>El profesor Iker Garc\u00eda, docente del Grado en Ciencias de la Actividad F\u00edsica y del Deporte (CAFyD) en la Escola Universit\u00e0ria de la Salut i l\u2019Esport (EUSES), ha realizado una estancia internacional en Turqu\u00eda. La experiencia se ha enmarcado dentro del 2nd International Staff Week, un programa de movilidad para personal universitario organizado bajo el [&hellip;]<\/p>\n","protected":false},"author":2,"featured_media":112634,"comment_status":"open","ping_status":"closed","sticky":false,"template":"","format":"standard","meta":{"_acf_changed":false,"inline_featured_image":false,"ngg_post_thumbnail":0,"footnotes":""},"categories":[48],"tags":[],"class_list":["post-112629","post","type-post","status-publish","format-standard","has-post-thumbnail","hentry","category-cafyd-salt-es"],"acf":[],"yoast_head":"<!-- This site is optimized with the Yoast SEO plugin v28.3 - https:\/\/yoast.com\/product\/yoast-seo-wordpress\/ -->\n<title>El profesor de EUSES Iker Garc\u00eda realiza un Erasmus+ en Turqu\u00eda para potenciar la investigaci\u00f3n en el deporte | Euses - Campus de Salt (Girona)<\/title>\n<meta name=\"robots\" content=\"index, follow, max-snippet:-1, max-image-preview:large, max-video-preview:-1\" \/>\n<link rel=\"canonical\" href=\"https:\/\/girona.euses.cat\/es\/el-profesor-de-euses-iker-garcia-realiza-un-erasmus-en-turquia-para-potenciar-la-investigacion-en-el-deporte\/\" \/>\n<meta property=\"og:locale\" content=\"es_ES\" \/>\n<meta property=\"og:type\" content=\"article\" \/>\n<meta property=\"og:title\" content=\"El profesor de EUSES Iker Garc\u00eda realiza un Erasmus+ en Turqu\u00eda para potenciar la investigaci\u00f3n en el deporte | Euses - Campus de Salt (Girona)\" \/>\n<meta property=\"og:description\" content=\"El profesor Iker Garc\u00eda, docente del Grado en Ciencias de la Actividad F\u00edsica y del Deporte (CAFyD) en la Escola Universit\u00e0ria de la Salut i l\u2019Esport (EUSES), ha realizado una estancia internacional en Turqu\u00eda. La experiencia se ha enmarcado dentro del 2nd International Staff Week, un programa de movilidad para personal universitario organizado bajo el [&hellip;]\" \/>\n<meta property=\"og:url\" content=\"https:\/\/girona.euses.cat\/es\/el-profesor-de-euses-iker-garcia-realiza-un-erasmus-en-turquia-para-potenciar-la-investigacion-en-el-deporte\/\" \/>\n<meta property=\"og:site_name\" content=\"Euses - Campus de Salt (Girona)\" \/>\n<meta property=\"article:publisher\" content=\"https:\/\/www.facebook.com\/EUSESoficial\" \/>\n<meta property=\"article:published_time\" content=\"2026-06-08T15:27:59+00:00\" \/>\n<meta property=\"article:modified_time\" content=\"2026-06-09T15:54:40+00:00\" \/>\n<meta property=\"og:image\" content=\"https:\/\/girona.euses.cat\/wp-content\/uploads\/2026\/06\/iker-garcia-4.jpg\" \/>\n\t<meta property=\"og:image:width\" content=\"1280\" \/>\n\t<meta property=\"og:image:height\" content=\"960\" \/>\n\t<meta property=\"og:image:type\" content=\"image\/jpeg\" \/>\n<meta name=\"author\" content=\"Jordi Danes\" \/>\n<meta name=\"twitter:card\" content=\"summary_large_image\" \/>\n<meta name=\"twitter:creator\" content=\"@EUSES_oficial\" \/>\n<meta name=\"twitter:site\" content=\"@EUSES_oficial\" \/>\n<meta name=\"twitter:label1\" content=\"Escrito por\" \/>\n\t<meta name=\"twitter:data1\" content=\"Jordi Danes\" \/>\n\t<meta name=\"twitter:label2\" content=\"Tiempo de lectura\" \/>\n\t<meta name=\"twitter:data2\" content=\"2 minutos\" \/>\n<script type=\"application\/ld+json\" class=\"yoast-schema-graph\">{\"@context\":\"https:\\\/\\\/schema.org\",\"@graph\":[{\"@type\":\"Article\",\"@id\":\"https:\\\/\\\/girona.euses.cat\\\/es\\\/el-profesor-de-euses-iker-garcia-realiza-un-erasmus-en-turquia-para-potenciar-la-investigacion-en-el-deporte\\\/#article\",\"isPartOf\":{\"@id\":\"https:\\\/\\\/girona.euses.cat\\\/es\\\/el-profesor-de-euses-iker-garcia-realiza-un-erasmus-en-turquia-para-potenciar-la-investigacion-en-el-deporte\\\/\"},\"author\":{\"name\":\"Jordi Danes\",\"@id\":\"https:\\\/\\\/girona.euses.cat\\\/#\\\/schema\\\/person\\\/568c4355480c07245f1bb8e29628a164\"},\"headline\":\"El profesor de EUSES Iker Garc\u00eda realiza un Erasmus+ en Turqu\u00eda para potenciar la investigaci\u00f3n en el deporte\",\"datePublished\":\"2026-06-08T15:27:59+00:00\",\"dateModified\":\"2026-06-09T15:54:40+00:00\",\"mainEntityOfPage\":{\"@id\":\"https:\\\/\\\/girona.euses.cat\\\/es\\\/el-profesor-de-euses-iker-garcia-realiza-un-erasmus-en-turquia-para-potenciar-la-investigacion-en-el-deporte\\\/\"},\"wordCount\":195,\"commentCount\":0,\"image\":{\"@id\":\"https:\\\/\\\/girona.euses.cat\\\/es\\\/el-profesor-de-euses-iker-garcia-realiza-un-erasmus-en-turquia-para-potenciar-la-investigacion-en-el-deporte\\\/#primaryimage\"},\"thumbnailUrl\":\"https:\\\/\\\/girona.euses.cat\\\/wp-content\\\/uploads\\\/2026\\\/06\\\/iker-garcia-4.jpg\",\"articleSection\":[\"CAFyD EUSES-SALT\"],\"inLanguage\":\"es\",\"potentialAction\":[{\"@type\":\"CommentAction\",\"name\":\"Comment\",\"target\":[\"https:\\\/\\\/girona.euses.cat\\\/es\\\/el-profesor-de-euses-iker-garcia-realiza-un-erasmus-en-turquia-para-potenciar-la-investigacion-en-el-deporte\\\/#respond\"]}]},{\"@type\":\"WebPage\",\"@id\":\"https:\\\/\\\/girona.euses.cat\\\/es\\\/el-profesor-de-euses-iker-garcia-realiza-un-erasmus-en-turquia-para-potenciar-la-investigacion-en-el-deporte\\\/\",\"url\":\"https:\\\/\\\/girona.euses.cat\\\/es\\\/el-profesor-de-euses-iker-garcia-realiza-un-erasmus-en-turquia-para-potenciar-la-investigacion-en-el-deporte\\\/\",\"name\":\"El profesor de EUSES Iker Garc\u00eda realiza un Erasmus+ en Turqu\u00eda para potenciar la investigaci\u00f3n en el deporte | Euses - Campus de Salt (Girona)\",\"isPartOf\":{\"@id\":\"https:\\\/\\\/girona.euses.cat\\\/#website\"},\"primaryImageOfPage\":{\"@id\":\"https:\\\/\\\/girona.euses.cat\\\/es\\\/el-profesor-de-euses-iker-garcia-realiza-un-erasmus-en-turquia-para-potenciar-la-investigacion-en-el-deporte\\\/#primaryimage\"},\"image\":{\"@id\":\"https:\\\/\\\/girona.euses.cat\\\/es\\\/el-profesor-de-euses-iker-garcia-realiza-un-erasmus-en-turquia-para-potenciar-la-investigacion-en-el-deporte\\\/#primaryimage\"},\"thumbnailUrl\":\"https:\\\/\\\/girona.euses.cat\\\/wp-content\\\/uploads\\\/2026\\\/06\\\/iker-garcia-4.jpg\",\"datePublished\":\"2026-06-08T15:27:59+00:00\",\"dateModified\":\"2026-06-09T15:54:40+00:00\",\"author\":{\"@id\":\"https:\\\/\\\/girona.euses.cat\\\/#\\\/schema\\\/person\\\/568c4355480c07245f1bb8e29628a164\"},\"breadcrumb\":{\"@id\":\"https:\\\/\\\/girona.euses.cat\\\/es\\\/el-profesor-de-euses-iker-garcia-realiza-un-erasmus-en-turquia-para-potenciar-la-investigacion-en-el-deporte\\\/#breadcrumb\"},\"inLanguage\":\"es\",\"potentialAction\":[{\"@type\":\"ReadAction\",\"target\":[\"https:\\\/\\\/girona.euses.cat\\\/es\\\/el-profesor-de-euses-iker-garcia-realiza-un-erasmus-en-turquia-para-potenciar-la-investigacion-en-el-deporte\\\/\"]}]},{\"@type\":\"ImageObject\",\"inLanguage\":\"es\",\"@id\":\"https:\\\/\\\/girona.euses.cat\\\/es\\\/el-profesor-de-euses-iker-garcia-realiza-un-erasmus-en-turquia-para-potenciar-la-investigacion-en-el-deporte\\\/#primaryimage\",\"url\":\"https:\\\/\\\/girona.euses.cat\\\/wp-content\\\/uploads\\\/2026\\\/06\\\/iker-garcia-4.jpg\",\"contentUrl\":\"https:\\\/\\\/girona.euses.cat\\\/wp-content\\\/uploads\\\/2026\\\/06\\\/iker-garcia-4.jpg\",\"width\":1280,\"height\":960},{\"@type\":\"BreadcrumbList\",\"@id\":\"https:\\\/\\\/girona.euses.cat\\\/es\\\/el-profesor-de-euses-iker-garcia-realiza-un-erasmus-en-turquia-para-potenciar-la-investigacion-en-el-deporte\\\/#breadcrumb\",\"itemListElement\":[{\"@type\":\"ListItem\",\"position\":1,\"name\":\"Portada\",\"item\":\"https:\\\/\\\/girona.euses.cat\\\/es\\\/\"},{\"@type\":\"ListItem\",\"position\":2,\"name\":\"El profesor de EUSES Iker Garc\u00eda realiza un Erasmus+ en Turqu\u00eda para potenciar la investigaci\u00f3n en el deporte\"}]},{\"@type\":\"WebSite\",\"@id\":\"https:\\\/\\\/girona.euses.cat\\\/#website\",\"url\":\"https:\\\/\\\/girona.euses.cat\\\/\",\"name\":\"Euses - Campus de Salt (Girona)\",\"description\":\"EUSES, Escola Universit\u00e0ria de Fisioter\u00e0pia i CAFE\",\"potentialAction\":[{\"@type\":\"SearchAction\",\"target\":{\"@type\":\"EntryPoint\",\"urlTemplate\":\"https:\\\/\\\/girona.euses.cat\\\/?s={search_term_string}\"},\"query-input\":{\"@type\":\"PropertyValueSpecification\",\"valueRequired\":true,\"valueName\":\"search_term_string\"}}],\"inLanguage\":\"es\"},{\"@type\":\"Person\",\"@id\":\"https:\\\/\\\/girona.euses.cat\\\/#\\\/schema\\\/person\\\/568c4355480c07245f1bb8e29628a164\",\"name\":\"Jordi Danes\",\"image\":{\"@type\":\"ImageObject\",\"inLanguage\":\"es\",\"@id\":\"https:\\\/\\\/secure.gravatar.com\\\/avatar\\\/a9e4f443b594af225625ee8cfa665e41b1e0740ea34fbe0515b4ca559f8570ef?s=96&d=mm&r=g\",\"url\":\"https:\\\/\\\/secure.gravatar.com\\\/avatar\\\/a9e4f443b594af225625ee8cfa665e41b1e0740ea34fbe0515b4ca559f8570ef?s=96&d=mm&r=g\",\"contentUrl\":\"https:\\\/\\\/secure.gravatar.com\\\/avatar\\\/a9e4f443b594af225625ee8cfa665e41b1e0740ea34fbe0515b4ca559f8570ef?s=96&d=mm&r=g\",\"caption\":\"Jordi Danes\"}}]}<\/script>\n<!-- \/ Yoast SEO plugin. -->","yoast_head_json":{"title":"El profesor de EUSES Iker Garc\u00eda realiza un Erasmus+ en Turqu\u00eda para potenciar la investigaci\u00f3n en el deporte | Euses - Campus de Salt (Girona)","robots":{"index":"index","follow":"follow","max-snippet":"max-snippet:-1","max-image-preview":"max-image-preview:large","max-video-preview":"max-video-preview:-1"},"canonical":"https:\/\/girona.euses.cat\/es\/el-profesor-de-euses-iker-garcia-realiza-un-erasmus-en-turquia-para-potenciar-la-investigacion-en-el-deporte\/","og_locale":"es_ES","og_type":"article","og_title":"El profesor de EUSES Iker Garc\u00eda realiza un Erasmus+ en Turqu\u00eda para potenciar la investigaci\u00f3n en el deporte | Euses - Campus de Salt (Girona)","og_description":"El profesor Iker Garc\u00eda, docente del Grado en Ciencias de la Actividad F\u00edsica y del Deporte (CAFyD) en la Escola Universit\u00e0ria de la Salut i l\u2019Esport (EUSES), ha realizado una estancia internacional en Turqu\u00eda. La experiencia se ha enmarcado dentro del 2nd International Staff Week, un programa de movilidad para personal universitario organizado bajo el [&hellip;]","og_url":"https:\/\/girona.euses.cat\/es\/el-profesor-de-euses-iker-garcia-realiza-un-erasmus-en-turquia-para-potenciar-la-investigacion-en-el-deporte\/","og_site_name":"Euses - Campus de Salt (Girona)","article_publisher":"https:\/\/www.facebook.com\/EUSESoficial","article_published_time":"2026-06-08T15:27:59+00:00","article_modified_time":"2026-06-09T15:54:40+00:00","og_image":[{"width":1280,"height":960,"url":"https:\/\/girona.euses.cat\/wp-content\/uploads\/2026\/06\/iker-garcia-4.jpg","type":"image\/jpeg"}],"author":"Jordi Danes","twitter_card":"summary_large_image","twitter_creator":"@EUSES_oficial","twitter_site":"@EUSES_oficial","twitter_misc":{"Escrito por":"Jordi Danes","Tiempo de lectura":"2 minutos"},"schema":{"@context":"https:\/\/schema.org","@graph":[{"@type":"Article","@id":"https:\/\/girona.euses.cat\/es\/el-profesor-de-euses-iker-garcia-realiza-un-erasmus-en-turquia-para-potenciar-la-investigacion-en-el-deporte\/#article","isPartOf":{"@id":"https:\/\/girona.euses.cat\/es\/el-profesor-de-euses-iker-garcia-realiza-un-erasmus-en-turquia-para-potenciar-la-investigacion-en-el-deporte\/"},"author":{"name":"Jordi Danes","@id":"https:\/\/girona.euses.cat\/#\/schema\/person\/568c4355480c07245f1bb8e29628a164"},"headline":"El profesor de EUSES Iker Garc\u00eda realiza un Erasmus+ en Turqu\u00eda para potenciar la investigaci\u00f3n en el deporte","datePublished":"2026-06-08T15:27:59+00:00","dateModified":"2026-06-09T15:54:40+00:00","mainEntityOfPage":{"@id":"https:\/\/girona.euses.cat\/es\/el-profesor-de-euses-iker-garcia-realiza-un-erasmus-en-turquia-para-potenciar-la-investigacion-en-el-deporte\/"},"wordCount":195,"commentCount":0,"image":{"@id":"https:\/\/girona.euses.cat\/es\/el-profesor-de-euses-iker-garcia-realiza-un-erasmus-en-turquia-para-potenciar-la-investigacion-en-el-deporte\/#primaryimage"},"thumbnailUrl":"https:\/\/girona.euses.cat\/wp-content\/uploads\/2026\/06\/iker-garcia-4.jpg","articleSection":["CAFyD EUSES-SALT"],"inLanguage":"es","potentialAction":[{"@type":"CommentAction","name":"Comment","target":["https:\/\/girona.euses.cat\/es\/el-profesor-de-euses-iker-garcia-realiza-un-erasmus-en-turquia-para-potenciar-la-investigacion-en-el-deporte\/#respond"]}]},{"@type":"WebPage","@id":"https:\/\/girona.euses.cat\/es\/el-profesor-de-euses-iker-garcia-realiza-un-erasmus-en-turquia-para-potenciar-la-investigacion-en-el-deporte\/","url":"https:\/\/girona.euses.cat\/es\/el-profesor-de-euses-iker-garcia-realiza-un-erasmus-en-turquia-para-potenciar-la-investigacion-en-el-deporte\/","name":"El profesor de EUSES Iker Garc\u00eda realiza un Erasmus+ en Turqu\u00eda para potenciar la investigaci\u00f3n en el deporte | Euses - Campus de Salt (Girona)","isPartOf":{"@id":"https:\/\/girona.euses.cat\/#website"},"primaryImageOfPage":{"@id":"https:\/\/girona.euses.cat\/es\/el-profesor-de-euses-iker-garcia-realiza-un-erasmus-en-turquia-para-potenciar-la-investigacion-en-el-deporte\/#primaryimage"},"image":{"@id":"https:\/\/girona.euses.cat\/es\/el-profesor-de-euses-iker-garcia-realiza-un-erasmus-en-turquia-para-potenciar-la-investigacion-en-el-deporte\/#primaryimage"},"thumbnailUrl":"https:\/\/girona.euses.cat\/wp-content\/uploads\/2026\/06\/iker-garcia-4.jpg","datePublished":"2026-06-08T15:27:59+00:00","dateModified":"2026-06-09T15:54:40+00:00","author":{"@id":"https:\/\/girona.euses.cat\/#\/schema\/person\/568c4355480c07245f1bb8e29628a164"},"breadcrumb":{"@id":"https:\/\/girona.euses.cat\/es\/el-profesor-de-euses-iker-garcia-realiza-un-erasmus-en-turquia-para-potenciar-la-investigacion-en-el-deporte\/#breadcrumb"},"inLanguage":"es","potentialAction":[{"@type":"ReadAction","target":["https:\/\/girona.euses.cat\/es\/el-profesor-de-euses-iker-garcia-realiza-un-erasmus-en-turquia-para-potenciar-la-investigacion-en-el-deporte\/"]}]},{"@type":"ImageObject","inLanguage":"es","@id":"https:\/\/girona.euses.cat\/es\/el-profesor-de-euses-iker-garcia-realiza-un-erasmus-en-turquia-para-potenciar-la-investigacion-en-el-deporte\/#primaryimage","url":"https:\/\/girona.euses.cat\/wp-content\/uploads\/2026\/06\/iker-garcia-4.jpg","contentUrl":"https:\/\/girona.euses.cat\/wp-content\/uploads\/2026\/06\/iker-garcia-4.jpg","width":1280,"height":960},{"@type":"BreadcrumbList","@id":"https:\/\/girona.euses.cat\/es\/el-profesor-de-euses-iker-garcia-realiza-un-erasmus-en-turquia-para-potenciar-la-investigacion-en-el-deporte\/#breadcrumb","itemListElement":[{"@type":"ListItem","position":1,"name":"Portada","item":"https:\/\/girona.euses.cat\/es\/"},{"@type":"ListItem","position":2,"name":"El profesor de EUSES Iker Garc\u00eda realiza un Erasmus+ en Turqu\u00eda para potenciar la investigaci\u00f3n en el deporte"}]},{"@type":"WebSite","@id":"https:\/\/girona.euses.cat\/#website","url":"https:\/\/girona.euses.cat\/","name":"Euses - Campus de Salt (Girona)","description":"EUSES, Escola Universit\u00e0ria de Fisioter\u00e0pia i CAFE","potentialAction":[{"@type":"SearchAction","target":{"@type":"EntryPoint","urlTemplate":"https:\/\/girona.euses.cat\/?s={search_term_string}"},"query-input":{"@type":"PropertyValueSpecification","valueRequired":true,"valueName":"search_term_string"}}],"inLanguage":"es"},{"@type":"Person","@id":"https:\/\/girona.euses.cat\/#\/schema\/person\/568c4355480c07245f1bb8e29628a164","name":"Jordi Danes","image":{"@type":"ImageObject","inLanguage":"es","@id":"https:\/\/secure.gravatar.com\/avatar\/a9e4f443b594af225625ee8cfa665e41b1e0740ea34fbe0515b4ca559f8570ef?s=96&d=mm&r=g","url":"https:\/\/secure.gravatar.com\/avatar\/a9e4f443b594af225625ee8cfa665e41b1e0740ea34fbe0515b4ca559f8570ef?s=96&d=mm&r=g","contentUrl":"https:\/\/secure.gravatar.com\/avatar\/a9e4f443b594af225625ee8cfa665e41b1e0740ea34fbe0515b4ca559f8570ef?s=96&d=mm&r=g","caption":"Jordi Danes"}}]}},"_links":{"self":[{"href":"https:\/\/girona.euses.cat\/es\/wp-json\/wp\/v2\/posts\/112629","targetHints":{"allow":["GET"]}}],"collection":[{"href":"https:\/\/girona.euses.cat\/es\/wp-json\/wp\/v2\/posts"}],"about":[{"href":"https:\/\/girona.euses.cat\/es\/wp-json\/wp\/v2\/types\/post"}],"author":[{"embeddable":true,"href":"https:\/\/girona.euses.cat\/es\/wp-json\/wp\/v2\/users\/2"}],"replies":[{"embeddable":true,"href":"https:\/\/girona.euses.cat\/es\/wp-json\/wp\/v2\/comments?post=112629"}],"version-history":[{"count":3,"href":"https:\/\/girona.euses.cat\/es\/wp-json\/wp\/v2\/posts\/112629\/revisions"}],"predecessor-version":[{"id":112650,"href":"https:\/\/girona.euses.cat\/es\/wp-json\/wp\/v2\/posts\/112629\/revisions\/112650"}],"wp:featuredmedia":[{"embeddable":true,"href":"https:\/\/girona.euses.cat\/es\/wp-json\/wp\/v2\/media\/112634"}],"wp:attachment":[{"href":"https:\/\/girona.euses.cat\/es\/wp-json\/wp\/v2\/media?parent=112629"}],"wp:term":[{"taxonomy":"category","embeddable":true,"href":"https:\/\/girona.euses.cat\/es\/wp-json\/wp\/v2\/categories?post=112629"},{"taxonomy":"post_tag","embeddable":true,"href":"https:\/\/girona.euses.cat\/es\/wp-json\/wp\/v2\/tags?post=112629"}],"curies":[{"name":"wp","href":"https:\/\/api.w.org\/{rel}","templated":true}]}}