{"id":103859,"date":"2024-06-21T09:55:49","date_gmt":"2024-06-21T07:55:49","guid":{"rendered":"https:\/\/girona.euses.cat\/?p=103859"},"modified":"2024-06-25T09:50:06","modified_gmt":"2024-06-25T07:50:06","slug":"223-students-from-the-2020-2024-graduating-class-of-the-salt-campus-of-cafyd-physiotherapy-and-double-degrees-graduate","status":"publish","type":"post","link":"https:\/\/girona.euses.cat\/en\/223-students-from-the-2020-2024-graduating-class-of-the-salt-campus-of-cafyd-physiotherapy-and-double-degrees-graduate\/","title":{"rendered":"223 students from the 2020\/2024 graduating class of the Salt Campus of CAFyD, Physiotherapy and Double Degrees graduate"},"content":{"rendered":"<div>\n<p>This Thursday, the Girona Auditorium was once again filled to capacity for the solemn Graduation Ceremony of the 2020\/2024 graduating classes of the degrees in Physiotherapy, Physical Activity and Sport Sciences and the Double Degree (CAFyD + Physiotherapy) of the Escola Universit\u00e0ria de la Salut i l&#8217;Esport of the Salt Campus. The ceremony, presented by journalist Jordi Grau, was presided over by Jordi Vi\u00f1as (Mayor of Salt), Dr. Pepus Daunis (Vice-rector of Quality and Transparency of the UdG), Rafel Magriny\u00e0 (academic director of EUSES UdG); Dr. Ernest Esteve (director of the Degree in Physiotherapy) and Adri\u00e0 Mart\u00edn (director of the Degree in CAFyD).<\/p>\n<p>The ceremony began with the entrance of the new graduates, a total of 223, of which 141 correspond to the 12th promotion of the Degree in Physiotherapy; 76 to the 12th promotion of the Degree in Physical Activity and Sport Sciences and 5 to the 4th promotion of the Double Degree. The first speeches were given by Rafel Magriny\u00e0, Ernest Esteve, Adri\u00e0 Mart\u00edn and Pepus Daunis, who coincided in the substance of their speeches, basically addressed to the new graduates, congratulating them on the reward after four years of effort, encouraging them in their imminent entry into the labour market as professionals and advising them on the advisability of continuing training and updating in their speciality. The words of these members of the presidential board were the preamble to the traditional presentation of diplomas to the new graduates who have been parading around the stage of the Auditorium (the president of COPLEFC, Pere Manuel, was also present at the ceremony) while the pianist Llu\u00eds Guerra played different pieces of music.<\/p>\n<\/div>\n<div>&nbsp;<\/div>\n<div>The representatives of the class of 2020\/24, who when they began their studies at the university centre did so with the difficulties of being in the midst of a worldwide pandemic due to COVID, also addressed a few words of thanks to the teaching staff, classmates and family members. Abel Rossell, Oriane Guillaumot and Ana\u00efs Puech, from the Physiotherapy Degree; Martina Torn\u00e9s and Roger Coris, from the CAFyD Degree; and Luciano Valent\u00edn Sosa, from the Double Degree). In the final stretch, the traditional plaques (which will soon be hung at the entrance to the Salt Campus) and medals were awarded. The university hymn Gaudeamus Igitur brought the ceremony to a close just after the Mayor of Salt, Jordi Vi\u00f1as, closed the graduation with a final speech.<\/div>\n<div>&nbsp;<\/div>\n<div><a href=\"https:\/\/www.facebook.com\/media\/set\/?vanity=EUSESoficial&amp;set=a.994626492617517\" target=\"_blank\" rel=\"noopener\">ALL THE PHOTOS OF THE 2020\/2024 GRADUATION ACT (Photos: ANIOL RESCLOSA)<\/a><\/div>\n<div>&nbsp;<\/div>\n<div>\n\n\t\t<style>\n\t\t\t#gallery-1 {\n\t\t\t\tmargin: auto;\n\t\t\t}\n\t\t\t#gallery-1 .gallery-item {\n\t\t\t\tfloat: left;\n\t\t\t\tmargin-top: 10px;\n\t\t\t\ttext-align: center;\n\t\t\t\twidth: 33%;\n\t\t\t}\n\t\t\t#gallery-1 img {\n\t\t\t\tborder: 2px solid #cfcfcf;\n\t\t\t}\n\t\t\t#gallery-1 .gallery-caption {\n\t\t\t\tmargin-left: 0;\n\t\t\t}\n\t\t\t\/* see gallery_shortcode() in wp-includes\/media.php *\/\n\t\t<\/style>\n\t\t<div id='gallery-1' class='gallery galleryid-103859 gallery-columns-3 gallery-size-medium'><dl class='gallery-item'>\n\t\t\t<dt class='gallery-icon landscape'>\n\t\t\t\t<a href='https:\/\/girona.euses.cat\/en\/223-students-from-the-2020-2024-graduating-class-of-the-salt-campus-of-cafyd-physiotherapy-and-double-degrees-graduate\/aniol-resclosa-auditori-girona-acte-de-graduacio-euses-2024-2\/'><img loading=\"lazy\" decoding=\"async\" width=\"300\" height=\"200\" src=\"https:\/\/girona.euses.cat\/wp-content\/uploads\/2024\/06\/Graduacio-Salt-2020_2024-7-300x200.jpg\" class=\"attachment-medium size-medium\" alt=\"\" aria-describedby=\"gallery-1-103813\" srcset=\"https:\/\/girona.euses.cat\/wp-content\/uploads\/2024\/06\/Graduacio-Salt-2020_2024-7-300x200.jpg 300w, https:\/\/girona.euses.cat\/wp-content\/uploads\/2024\/06\/Graduacio-Salt-2020_2024-7-1024x682.jpg 1024w, https:\/\/girona.euses.cat\/wp-content\/uploads\/2024\/06\/Graduacio-Salt-2020_2024-7-768x511.jpg 768w, https:\/\/girona.euses.cat\/wp-content\/uploads\/2024\/06\/Graduacio-Salt-2020_2024-7-1536x1023.jpg 1536w, https:\/\/girona.euses.cat\/wp-content\/uploads\/2024\/06\/Graduacio-Salt-2020_2024-7-2048x1363.jpg 2048w, https:\/\/girona.euses.cat\/wp-content\/uploads\/2024\/06\/Graduacio-Salt-2020_2024-7-400x267.jpg 400w\" sizes=\"auto, (max-width: 300px) 100vw, 300px\" \/><\/a>\n\t\t\t<\/dt>\n\t\t\t\t<dd class='wp-caption-text gallery-caption' id='gallery-1-103813'>\n\t\t\t\tANIOL RESCLOSA &#8211; AUDITORI GIRONA &#8211; ACTE DE GRADUACIO EUSES 2024\n\t\t\t\t<\/dd><\/dl><dl class='gallery-item'>\n\t\t\t<dt class='gallery-icon landscape'>\n\t\t\t\t<a href='https:\/\/girona.euses.cat\/en\/223-students-from-the-2020-2024-graduating-class-of-the-salt-campus-of-cafyd-physiotherapy-and-double-degrees-graduate\/aniol-resclosa-auditori-girona-acte-de-graduacio-euses-2024-2-2\/'><img loading=\"lazy\" decoding=\"async\" width=\"300\" height=\"200\" src=\"https:\/\/girona.euses.cat\/wp-content\/uploads\/2024\/06\/Graduacio-Salt-2020_2024-1-300x200.jpg\" class=\"attachment-medium size-medium\" alt=\"\" aria-describedby=\"gallery-1-103817\" srcset=\"https:\/\/girona.euses.cat\/wp-content\/uploads\/2024\/06\/Graduacio-Salt-2020_2024-1-300x200.jpg 300w, https:\/\/girona.euses.cat\/wp-content\/uploads\/2024\/06\/Graduacio-Salt-2020_2024-1-1024x682.jpg 1024w, https:\/\/girona.euses.cat\/wp-content\/uploads\/2024\/06\/Graduacio-Salt-2020_2024-1-768x511.jpg 768w, https:\/\/girona.euses.cat\/wp-content\/uploads\/2024\/06\/Graduacio-Salt-2020_2024-1-1536x1023.jpg 1536w, https:\/\/girona.euses.cat\/wp-content\/uploads\/2024\/06\/Graduacio-Salt-2020_2024-1-2048x1363.jpg 2048w, https:\/\/girona.euses.cat\/wp-content\/uploads\/2024\/06\/Graduacio-Salt-2020_2024-1-400x267.jpg 400w\" sizes=\"auto, (max-width: 300px) 100vw, 300px\" \/><\/a>\n\t\t\t<\/dt>\n\t\t\t\t<dd class='wp-caption-text gallery-caption' id='gallery-1-103817'>\n\t\t\t\tANIOL RESCLOSA &#8211; AUDITORI GIRONA &#8211; ACTE DE GRADUACIO EUSES 2024\n\t\t\t\t<\/dd><\/dl><dl class='gallery-item'>\n\t\t\t<dt class='gallery-icon landscape'>\n\t\t\t\t<a href='https:\/\/girona.euses.cat\/en\/223-students-from-the-2020-2024-graduating-class-of-the-salt-campus-of-cafyd-physiotherapy-and-double-degrees-graduate\/aniol-resclosa-auditori-girona-acte-de-graduacio-euses-2024-3-2\/'><img loading=\"lazy\" decoding=\"async\" width=\"300\" height=\"200\" src=\"https:\/\/girona.euses.cat\/wp-content\/uploads\/2024\/06\/Graduacio-Salt-2020_2024-2-300x200.jpg\" class=\"attachment-medium size-medium\" alt=\"\" aria-describedby=\"gallery-1-103821\" srcset=\"https:\/\/girona.euses.cat\/wp-content\/uploads\/2024\/06\/Graduacio-Salt-2020_2024-2-300x200.jpg 300w, https:\/\/girona.euses.cat\/wp-content\/uploads\/2024\/06\/Graduacio-Salt-2020_2024-2-1024x682.jpg 1024w, https:\/\/girona.euses.cat\/wp-content\/uploads\/2024\/06\/Graduacio-Salt-2020_2024-2-768x511.jpg 768w, https:\/\/girona.euses.cat\/wp-content\/uploads\/2024\/06\/Graduacio-Salt-2020_2024-2-1536x1023.jpg 1536w, https:\/\/girona.euses.cat\/wp-content\/uploads\/2024\/06\/Graduacio-Salt-2020_2024-2-2048x1363.jpg 2048w, https:\/\/girona.euses.cat\/wp-content\/uploads\/2024\/06\/Graduacio-Salt-2020_2024-2-400x267.jpg 400w\" sizes=\"auto, (max-width: 300px) 100vw, 300px\" \/><\/a>\n\t\t\t<\/dt>\n\t\t\t\t<dd class='wp-caption-text gallery-caption' id='gallery-1-103821'>\n\t\t\t\tANIOL RESCLOSA &#8211; AUDITORI GIRONA &#8211; ACTE DE GRADUACIO EUSES 2024\n\t\t\t\t<\/dd><\/dl><br style=\"clear: both\" \/><dl class='gallery-item'>\n\t\t\t<dt class='gallery-icon landscape'>\n\t\t\t\t<a href='https:\/\/girona.euses.cat\/en\/223-students-from-the-2020-2024-graduating-class-of-the-salt-campus-of-cafyd-physiotherapy-and-double-degrees-graduate\/aniol-resclosa-auditori-girona-acte-de-graduacio-euses-2024-5-2\/'><img loading=\"lazy\" decoding=\"async\" width=\"300\" height=\"200\" src=\"https:\/\/girona.euses.cat\/wp-content\/uploads\/2024\/06\/Graduacio-Salt-2020_2024-4-300x200.jpg\" class=\"attachment-medium size-medium\" alt=\"\" aria-describedby=\"gallery-1-103829\" srcset=\"https:\/\/girona.euses.cat\/wp-content\/uploads\/2024\/06\/Graduacio-Salt-2020_2024-4-300x200.jpg 300w, https:\/\/girona.euses.cat\/wp-content\/uploads\/2024\/06\/Graduacio-Salt-2020_2024-4-1024x682.jpg 1024w, https:\/\/girona.euses.cat\/wp-content\/uploads\/2024\/06\/Graduacio-Salt-2020_2024-4-768x511.jpg 768w, https:\/\/girona.euses.cat\/wp-content\/uploads\/2024\/06\/Graduacio-Salt-2020_2024-4-1536x1023.jpg 1536w, https:\/\/girona.euses.cat\/wp-content\/uploads\/2024\/06\/Graduacio-Salt-2020_2024-4-2048x1363.jpg 2048w, https:\/\/girona.euses.cat\/wp-content\/uploads\/2024\/06\/Graduacio-Salt-2020_2024-4-400x267.jpg 400w\" sizes=\"auto, (max-width: 300px) 100vw, 300px\" \/><\/a>\n\t\t\t<\/dt>\n\t\t\t\t<dd class='wp-caption-text gallery-caption' id='gallery-1-103829'>\n\t\t\t\tANIOL RESCLOSA &#8211; AUDITORI GIRONA &#8211; ACTE DE GRADUACIO EUSES 2024\n\t\t\t\t<\/dd><\/dl><dl class='gallery-item'>\n\t\t\t<dt class='gallery-icon landscape'>\n\t\t\t\t<a href='https:\/\/girona.euses.cat\/en\/223-students-from-the-2020-2024-graduating-class-of-the-salt-campus-of-cafyd-physiotherapy-and-double-degrees-graduate\/aniol-resclosa-auditori-girona-acte-de-graduacio-euses-2024-6-2\/'><img loading=\"lazy\" decoding=\"async\" width=\"300\" height=\"200\" src=\"https:\/\/girona.euses.cat\/wp-content\/uploads\/2024\/06\/Graduacio-Salt-2020_2024-6-300x200.jpg\" class=\"attachment-medium size-medium\" alt=\"\" aria-describedby=\"gallery-1-103833\" srcset=\"https:\/\/girona.euses.cat\/wp-content\/uploads\/2024\/06\/Graduacio-Salt-2020_2024-6-300x200.jpg 300w, https:\/\/girona.euses.cat\/wp-content\/uploads\/2024\/06\/Graduacio-Salt-2020_2024-6-1024x682.jpg 1024w, https:\/\/girona.euses.cat\/wp-content\/uploads\/2024\/06\/Graduacio-Salt-2020_2024-6-768x511.jpg 768w, https:\/\/girona.euses.cat\/wp-content\/uploads\/2024\/06\/Graduacio-Salt-2020_2024-6-1536x1023.jpg 1536w, https:\/\/girona.euses.cat\/wp-content\/uploads\/2024\/06\/Graduacio-Salt-2020_2024-6-2048x1363.jpg 2048w, https:\/\/girona.euses.cat\/wp-content\/uploads\/2024\/06\/Graduacio-Salt-2020_2024-6-400x267.jpg 400w\" sizes=\"auto, (max-width: 300px) 100vw, 300px\" \/><\/a>\n\t\t\t<\/dt>\n\t\t\t\t<dd class='wp-caption-text gallery-caption' id='gallery-1-103833'>\n\t\t\t\tANIOL RESCLOSA &#8211; AUDITORI GIRONA &#8211; ACTE DE GRADUACIO EUSES 2024\n\t\t\t\t<\/dd><\/dl><dl class='gallery-item'>\n\t\t\t<dt class='gallery-icon landscape'>\n\t\t\t\t<a href='https:\/\/girona.euses.cat\/en\/223-students-from-the-2020-2024-graduating-class-of-the-salt-campus-of-cafyd-physiotherapy-and-double-degrees-graduate\/aniol-resclosa-auditori-girona-acte-de-graduacio-euses-2024-7-2\/'><img loading=\"lazy\" decoding=\"async\" width=\"300\" height=\"200\" src=\"https:\/\/girona.euses.cat\/wp-content\/uploads\/2024\/06\/Graduacio-Salt-2020_2024-8-300x200.jpg\" class=\"attachment-medium size-medium\" alt=\"\" aria-describedby=\"gallery-1-103837\" srcset=\"https:\/\/girona.euses.cat\/wp-content\/uploads\/2024\/06\/Graduacio-Salt-2020_2024-8-300x200.jpg 300w, https:\/\/girona.euses.cat\/wp-content\/uploads\/2024\/06\/Graduacio-Salt-2020_2024-8-1024x682.jpg 1024w, https:\/\/girona.euses.cat\/wp-content\/uploads\/2024\/06\/Graduacio-Salt-2020_2024-8-768x511.jpg 768w, https:\/\/girona.euses.cat\/wp-content\/uploads\/2024\/06\/Graduacio-Salt-2020_2024-8-1536x1023.jpg 1536w, https:\/\/girona.euses.cat\/wp-content\/uploads\/2024\/06\/Graduacio-Salt-2020_2024-8-2048x1363.jpg 2048w, https:\/\/girona.euses.cat\/wp-content\/uploads\/2024\/06\/Graduacio-Salt-2020_2024-8-400x267.jpg 400w\" sizes=\"auto, (max-width: 300px) 100vw, 300px\" \/><\/a>\n\t\t\t<\/dt>\n\t\t\t\t<dd class='wp-caption-text gallery-caption' id='gallery-1-103837'>\n\t\t\t\tANIOL RESCLOSA &#8211; AUDITORI GIRONA &#8211; ACTE DE GRADUACIO EUSES 2024\n\t\t\t\t<\/dd><\/dl><br style=\"clear: both\" \/><dl class='gallery-item'>\n\t\t\t<dt class='gallery-icon landscape'>\n\t\t\t\t<a href='https:\/\/girona.euses.cat\/en\/223-students-from-the-2020-2024-graduating-class-of-the-salt-campus-of-cafyd-physiotherapy-and-double-degrees-graduate\/aniol-resclosa-auditori-girona-acte-de-graduacio-euses-2024-8-2\/'><img loading=\"lazy\" decoding=\"async\" width=\"300\" height=\"200\" src=\"https:\/\/girona.euses.cat\/wp-content\/uploads\/2024\/06\/Graduacio-Salt-2020_2024-9-300x200.jpg\" class=\"attachment-medium size-medium\" alt=\"\" aria-describedby=\"gallery-1-103841\" srcset=\"https:\/\/girona.euses.cat\/wp-content\/uploads\/2024\/06\/Graduacio-Salt-2020_2024-9-300x200.jpg 300w, https:\/\/girona.euses.cat\/wp-content\/uploads\/2024\/06\/Graduacio-Salt-2020_2024-9-1024x682.jpg 1024w, https:\/\/girona.euses.cat\/wp-content\/uploads\/2024\/06\/Graduacio-Salt-2020_2024-9-768x511.jpg 768w, https:\/\/girona.euses.cat\/wp-content\/uploads\/2024\/06\/Graduacio-Salt-2020_2024-9-1536x1023.jpg 1536w, https:\/\/girona.euses.cat\/wp-content\/uploads\/2024\/06\/Graduacio-Salt-2020_2024-9-2048x1363.jpg 2048w, https:\/\/girona.euses.cat\/wp-content\/uploads\/2024\/06\/Graduacio-Salt-2020_2024-9-400x267.jpg 400w\" sizes=\"auto, (max-width: 300px) 100vw, 300px\" \/><\/a>\n\t\t\t<\/dt>\n\t\t\t\t<dd class='wp-caption-text gallery-caption' id='gallery-1-103841'>\n\t\t\t\tANIOL RESCLOSA &#8211; AUDITORI GIRONA &#8211; ACTE DE GRADUACIO EUSES 2024\n\t\t\t\t<\/dd><\/dl><dl class='gallery-item'>\n\t\t\t<dt class='gallery-icon landscape'>\n\t\t\t\t<a href='https:\/\/girona.euses.cat\/en\/223-students-from-the-2020-2024-graduating-class-of-the-salt-campus-of-cafyd-physiotherapy-and-double-degrees-graduate\/aniol-resclosa-auditori-girona-acte-de-graduacio-euses-2024-9-2\/'><img loading=\"lazy\" decoding=\"async\" width=\"300\" height=\"200\" src=\"https:\/\/girona.euses.cat\/wp-content\/uploads\/2024\/06\/Graduacio-Salt-2020_2024-10-300x200.jpg\" class=\"attachment-medium size-medium\" alt=\"\" aria-describedby=\"gallery-1-103845\" srcset=\"https:\/\/girona.euses.cat\/wp-content\/uploads\/2024\/06\/Graduacio-Salt-2020_2024-10-300x200.jpg 300w, https:\/\/girona.euses.cat\/wp-content\/uploads\/2024\/06\/Graduacio-Salt-2020_2024-10-1024x682.jpg 1024w, https:\/\/girona.euses.cat\/wp-content\/uploads\/2024\/06\/Graduacio-Salt-2020_2024-10-768x511.jpg 768w, https:\/\/girona.euses.cat\/wp-content\/uploads\/2024\/06\/Graduacio-Salt-2020_2024-10-1536x1023.jpg 1536w, https:\/\/girona.euses.cat\/wp-content\/uploads\/2024\/06\/Graduacio-Salt-2020_2024-10-2048x1363.jpg 2048w, https:\/\/girona.euses.cat\/wp-content\/uploads\/2024\/06\/Graduacio-Salt-2020_2024-10-400x267.jpg 400w\" sizes=\"auto, (max-width: 300px) 100vw, 300px\" \/><\/a>\n\t\t\t<\/dt>\n\t\t\t\t<dd class='wp-caption-text gallery-caption' id='gallery-1-103845'>\n\t\t\t\tANIOL RESCLOSA &#8211; AUDITORI GIRONA &#8211; ACTE DE GRADUACIO EUSES 2024\n\t\t\t\t<\/dd><\/dl><dl class='gallery-item'>\n\t\t\t<dt class='gallery-icon landscape'>\n\t\t\t\t<a href='https:\/\/girona.euses.cat\/en\/223-students-from-the-2020-2024-graduating-class-of-the-salt-campus-of-cafyd-physiotherapy-and-double-degrees-graduate\/aniol-resclosa-auditori-girona-acte-de-graduacio-euses-2024-10-2\/'><img loading=\"lazy\" decoding=\"async\" width=\"300\" height=\"200\" src=\"https:\/\/girona.euses.cat\/wp-content\/uploads\/2024\/06\/Graduacio-Salt-2020_2024-11-300x200.jpg\" class=\"attachment-medium size-medium\" alt=\"\" aria-describedby=\"gallery-1-103849\" srcset=\"https:\/\/girona.euses.cat\/wp-content\/uploads\/2024\/06\/Graduacio-Salt-2020_2024-11-300x200.jpg 300w, https:\/\/girona.euses.cat\/wp-content\/uploads\/2024\/06\/Graduacio-Salt-2020_2024-11-1024x682.jpg 1024w, https:\/\/girona.euses.cat\/wp-content\/uploads\/2024\/06\/Graduacio-Salt-2020_2024-11-768x511.jpg 768w, https:\/\/girona.euses.cat\/wp-content\/uploads\/2024\/06\/Graduacio-Salt-2020_2024-11-1536x1023.jpg 1536w, https:\/\/girona.euses.cat\/wp-content\/uploads\/2024\/06\/Graduacio-Salt-2020_2024-11-2048x1363.jpg 2048w, https:\/\/girona.euses.cat\/wp-content\/uploads\/2024\/06\/Graduacio-Salt-2020_2024-11-400x267.jpg 400w\" sizes=\"auto, (max-width: 300px) 100vw, 300px\" \/><\/a>\n\t\t\t<\/dt>\n\t\t\t\t<dd class='wp-caption-text gallery-caption' id='gallery-1-103849'>\n\t\t\t\tANIOL RESCLOSA &#8211; AUDITORI GIRONA &#8211; ACTE DE GRADUACIO EUSES 2024\n\t\t\t\t<\/dd><\/dl><br style=\"clear: both\" \/>\n\t\t<\/div>\n\n<\/div>\n","protected":false},"excerpt":{"rendered":"<p>This Thursday, the Girona Auditorium was once again filled to capacity for the solemn Graduation Ceremony of the 2020\/2024 graduating classes of the degrees in Physiotherapy, Physical Activity and Sport Sciences and the Double Degree (CAFyD + Physiotherapy) of the Escola Universit\u00e0ria de la Salut i l&#8217;Esport of the Salt Campus. The ceremony, presented by [&hellip;]<\/p>\n","protected":false},"author":2,"featured_media":103825,"comment_status":"open","ping_status":"closed","sticky":false,"template":"","format":"standard","meta":{"_acf_changed":false,"inline_featured_image":false,"ngg_post_thumbnail":0,"footnotes":""},"categories":[4],"tags":[],"class_list":["post-103859","post","type-post","status-publish","format-standard","has-post-thumbnail","hentry","category-uncategorized"],"acf":[],"yoast_head":"<!-- This site is optimized with the Yoast SEO plugin v28.3 - https:\/\/yoast.com\/product\/yoast-seo-wordpress\/ -->\n<title>223 students from the 2020\/2024 graduating class of the Salt Campus of CAFyD, Physiotherapy and Double Degrees graduate | Euses - Campus de Salt (Girona)<\/title>\n<meta name=\"robots\" content=\"index, follow, max-snippet:-1, max-image-preview:large, max-video-preview:-1\" \/>\n<link rel=\"canonical\" href=\"https:\/\/girona.euses.cat\/en\/223-students-from-the-2020-2024-graduating-class-of-the-salt-campus-of-cafyd-physiotherapy-and-double-degrees-graduate\/\" \/>\n<meta property=\"og:locale\" content=\"en_US\" \/>\n<meta property=\"og:type\" content=\"article\" \/>\n<meta property=\"og:title\" content=\"223 students from the 2020\/2024 graduating class of the Salt Campus of CAFyD, Physiotherapy and Double Degrees graduate | Euses - Campus de Salt (Girona)\" \/>\n<meta property=\"og:description\" content=\"This Thursday, the Girona Auditorium was once again filled to capacity for the solemn Graduation Ceremony of the 2020\/2024 graduating classes of the degrees in Physiotherapy, Physical Activity and Sport Sciences and the Double Degree (CAFyD + Physiotherapy) of the Escola Universit\u00e0ria de la Salut i l&#8217;Esport of the Salt Campus. The ceremony, presented by [&hellip;]\" \/>\n<meta property=\"og:url\" content=\"https:\/\/girona.euses.cat\/en\/223-students-from-the-2020-2024-graduating-class-of-the-salt-campus-of-cafyd-physiotherapy-and-double-degrees-graduate\/\" \/>\n<meta property=\"og:site_name\" content=\"Euses - Campus de Salt (Girona)\" \/>\n<meta property=\"article:publisher\" content=\"https:\/\/www.facebook.com\/EUSESoficial\" \/>\n<meta property=\"article:published_time\" content=\"2024-06-21T07:55:49+00:00\" \/>\n<meta property=\"article:modified_time\" content=\"2024-06-25T07:50:06+00:00\" \/>\n<meta property=\"og:image\" content=\"https:\/\/girona.euses.cat\/wp-content\/uploads\/2024\/06\/Graduacio-Salt-2020_2024-3-scaled.jpg\" \/>\n\t<meta property=\"og:image:width\" content=\"2560\" \/>\n\t<meta property=\"og:image:height\" content=\"1704\" \/>\n\t<meta property=\"og:image:type\" content=\"image\/jpeg\" \/>\n<meta name=\"author\" content=\"Jordi Danes\" \/>\n<meta name=\"twitter:card\" content=\"summary_large_image\" \/>\n<meta name=\"twitter:creator\" content=\"@EUSES_oficial\" \/>\n<meta name=\"twitter:site\" content=\"@EUSES_oficial\" \/>\n<meta name=\"twitter:label1\" content=\"Written by\" \/>\n\t<meta name=\"twitter:data1\" content=\"Jordi Danes\" \/>\n\t<meta name=\"twitter:label2\" content=\"Est. reading time\" \/>\n\t<meta name=\"twitter:data2\" content=\"3 minutes\" \/>\n<script type=\"application\/ld+json\" class=\"yoast-schema-graph\">{\"@context\":\"https:\\\/\\\/schema.org\",\"@graph\":[{\"@type\":\"Article\",\"@id\":\"https:\\\/\\\/girona.euses.cat\\\/en\\\/223-students-from-the-2020-2024-graduating-class-of-the-salt-campus-of-cafyd-physiotherapy-and-double-degrees-graduate\\\/#article\",\"isPartOf\":{\"@id\":\"https:\\\/\\\/girona.euses.cat\\\/en\\\/223-students-from-the-2020-2024-graduating-class-of-the-salt-campus-of-cafyd-physiotherapy-and-double-degrees-graduate\\\/\"},\"author\":{\"name\":\"Jordi Danes\",\"@id\":\"https:\\\/\\\/girona.euses.cat\\\/#\\\/schema\\\/person\\\/568c4355480c07245f1bb8e29628a164\"},\"headline\":\"223 students from the 2020\\\/2024 graduating class of the Salt Campus of CAFyD, Physiotherapy and Double Degrees graduate\",\"datePublished\":\"2024-06-21T07:55:49+00:00\",\"dateModified\":\"2024-06-25T07:50:06+00:00\",\"mainEntityOfPage\":{\"@id\":\"https:\\\/\\\/girona.euses.cat\\\/en\\\/223-students-from-the-2020-2024-graduating-class-of-the-salt-campus-of-cafyd-physiotherapy-and-double-degrees-graduate\\\/\"},\"wordCount\":435,\"commentCount\":0,\"image\":{\"@id\":\"https:\\\/\\\/girona.euses.cat\\\/en\\\/223-students-from-the-2020-2024-graduating-class-of-the-salt-campus-of-cafyd-physiotherapy-and-double-degrees-graduate\\\/#primaryimage\"},\"thumbnailUrl\":\"https:\\\/\\\/girona.euses.cat\\\/wp-content\\\/uploads\\\/2024\\\/06\\\/Graduacio-Salt-2020_2024-3-scaled.jpg\",\"inLanguage\":\"en-US\",\"potentialAction\":[{\"@type\":\"CommentAction\",\"name\":\"Comment\",\"target\":[\"https:\\\/\\\/girona.euses.cat\\\/en\\\/223-students-from-the-2020-2024-graduating-class-of-the-salt-campus-of-cafyd-physiotherapy-and-double-degrees-graduate\\\/#respond\"]}]},{\"@type\":\"WebPage\",\"@id\":\"https:\\\/\\\/girona.euses.cat\\\/en\\\/223-students-from-the-2020-2024-graduating-class-of-the-salt-campus-of-cafyd-physiotherapy-and-double-degrees-graduate\\\/\",\"url\":\"https:\\\/\\\/girona.euses.cat\\\/en\\\/223-students-from-the-2020-2024-graduating-class-of-the-salt-campus-of-cafyd-physiotherapy-and-double-degrees-graduate\\\/\",\"name\":\"223 students from the 2020\\\/2024 graduating class of the Salt Campus of CAFyD, Physiotherapy and Double Degrees graduate | Euses - Campus de Salt (Girona)\",\"isPartOf\":{\"@id\":\"https:\\\/\\\/girona.euses.cat\\\/#website\"},\"primaryImageOfPage\":{\"@id\":\"https:\\\/\\\/girona.euses.cat\\\/en\\\/223-students-from-the-2020-2024-graduating-class-of-the-salt-campus-of-cafyd-physiotherapy-and-double-degrees-graduate\\\/#primaryimage\"},\"image\":{\"@id\":\"https:\\\/\\\/girona.euses.cat\\\/en\\\/223-students-from-the-2020-2024-graduating-class-of-the-salt-campus-of-cafyd-physiotherapy-and-double-degrees-graduate\\\/#primaryimage\"},\"thumbnailUrl\":\"https:\\\/\\\/girona.euses.cat\\\/wp-content\\\/uploads\\\/2024\\\/06\\\/Graduacio-Salt-2020_2024-3-scaled.jpg\",\"datePublished\":\"2024-06-21T07:55:49+00:00\",\"dateModified\":\"2024-06-25T07:50:06+00:00\",\"author\":{\"@id\":\"https:\\\/\\\/girona.euses.cat\\\/#\\\/schema\\\/person\\\/568c4355480c07245f1bb8e29628a164\"},\"breadcrumb\":{\"@id\":\"https:\\\/\\\/girona.euses.cat\\\/en\\\/223-students-from-the-2020-2024-graduating-class-of-the-salt-campus-of-cafyd-physiotherapy-and-double-degrees-graduate\\\/#breadcrumb\"},\"inLanguage\":\"en-US\",\"potentialAction\":[{\"@type\":\"ReadAction\",\"target\":[\"https:\\\/\\\/girona.euses.cat\\\/en\\\/223-students-from-the-2020-2024-graduating-class-of-the-salt-campus-of-cafyd-physiotherapy-and-double-degrees-graduate\\\/\"]}]},{\"@type\":\"ImageObject\",\"inLanguage\":\"en-US\",\"@id\":\"https:\\\/\\\/girona.euses.cat\\\/en\\\/223-students-from-the-2020-2024-graduating-class-of-the-salt-campus-of-cafyd-physiotherapy-and-double-degrees-graduate\\\/#primaryimage\",\"url\":\"https:\\\/\\\/girona.euses.cat\\\/wp-content\\\/uploads\\\/2024\\\/06\\\/Graduacio-Salt-2020_2024-3-scaled.jpg\",\"contentUrl\":\"https:\\\/\\\/girona.euses.cat\\\/wp-content\\\/uploads\\\/2024\\\/06\\\/Graduacio-Salt-2020_2024-3-scaled.jpg\",\"width\":2560,\"height\":1704,\"caption\":\"ANIOL RESCLOSA - AUDITORI GIRONA - ACTE DE GRADUACIO EUSES 2024\"},{\"@type\":\"BreadcrumbList\",\"@id\":\"https:\\\/\\\/girona.euses.cat\\\/en\\\/223-students-from-the-2020-2024-graduating-class-of-the-salt-campus-of-cafyd-physiotherapy-and-double-degrees-graduate\\\/#breadcrumb\",\"itemListElement\":[{\"@type\":\"ListItem\",\"position\":1,\"name\":\"Portada\",\"item\":\"https:\\\/\\\/girona.euses.cat\\\/en\\\/\"},{\"@type\":\"ListItem\",\"position\":2,\"name\":\"223 students from the 2020\\\/2024 graduating class of the Salt Campus of CAFyD, Physiotherapy and Double Degrees graduate\"}]},{\"@type\":\"WebSite\",\"@id\":\"https:\\\/\\\/girona.euses.cat\\\/#website\",\"url\":\"https:\\\/\\\/girona.euses.cat\\\/\",\"name\":\"Euses - Campus de Salt (Girona)\",\"description\":\"EUSES, Escola Universit\u00e0ria de Fisioter\u00e0pia i CAFE\",\"potentialAction\":[{\"@type\":\"SearchAction\",\"target\":{\"@type\":\"EntryPoint\",\"urlTemplate\":\"https:\\\/\\\/girona.euses.cat\\\/?s={search_term_string}\"},\"query-input\":{\"@type\":\"PropertyValueSpecification\",\"valueRequired\":true,\"valueName\":\"search_term_string\"}}],\"inLanguage\":\"en-US\"},{\"@type\":\"Person\",\"@id\":\"https:\\\/\\\/girona.euses.cat\\\/#\\\/schema\\\/person\\\/568c4355480c07245f1bb8e29628a164\",\"name\":\"Jordi Danes\",\"image\":{\"@type\":\"ImageObject\",\"inLanguage\":\"en-US\",\"@id\":\"https:\\\/\\\/secure.gravatar.com\\\/avatar\\\/a9e4f443b594af225625ee8cfa665e41b1e0740ea34fbe0515b4ca559f8570ef?s=96&d=mm&r=g\",\"url\":\"https:\\\/\\\/secure.gravatar.com\\\/avatar\\\/a9e4f443b594af225625ee8cfa665e41b1e0740ea34fbe0515b4ca559f8570ef?s=96&d=mm&r=g\",\"contentUrl\":\"https:\\\/\\\/secure.gravatar.com\\\/avatar\\\/a9e4f443b594af225625ee8cfa665e41b1e0740ea34fbe0515b4ca559f8570ef?s=96&d=mm&r=g\",\"caption\":\"Jordi Danes\"}}]}<\/script>\n<!-- \/ Yoast SEO plugin. -->","yoast_head_json":{"title":"223 students from the 2020\/2024 graduating class of the Salt Campus of CAFyD, Physiotherapy and Double Degrees graduate | Euses - Campus de Salt (Girona)","robots":{"index":"index","follow":"follow","max-snippet":"max-snippet:-1","max-image-preview":"max-image-preview:large","max-video-preview":"max-video-preview:-1"},"canonical":"https:\/\/girona.euses.cat\/en\/223-students-from-the-2020-2024-graduating-class-of-the-salt-campus-of-cafyd-physiotherapy-and-double-degrees-graduate\/","og_locale":"en_US","og_type":"article","og_title":"223 students from the 2020\/2024 graduating class of the Salt Campus of CAFyD, Physiotherapy and Double Degrees graduate | Euses - Campus de Salt (Girona)","og_description":"This Thursday, the Girona Auditorium was once again filled to capacity for the solemn Graduation Ceremony of the 2020\/2024 graduating classes of the degrees in Physiotherapy, Physical Activity and Sport Sciences and the Double Degree (CAFyD + Physiotherapy) of the Escola Universit\u00e0ria de la Salut i l&#8217;Esport of the Salt Campus. The ceremony, presented by [&hellip;]","og_url":"https:\/\/girona.euses.cat\/en\/223-students-from-the-2020-2024-graduating-class-of-the-salt-campus-of-cafyd-physiotherapy-and-double-degrees-graduate\/","og_site_name":"Euses - Campus de Salt (Girona)","article_publisher":"https:\/\/www.facebook.com\/EUSESoficial","article_published_time":"2024-06-21T07:55:49+00:00","article_modified_time":"2024-06-25T07:50:06+00:00","og_image":[{"width":2560,"height":1704,"url":"https:\/\/girona.euses.cat\/wp-content\/uploads\/2024\/06\/Graduacio-Salt-2020_2024-3-scaled.jpg","type":"image\/jpeg"}],"author":"Jordi Danes","twitter_card":"summary_large_image","twitter_creator":"@EUSES_oficial","twitter_site":"@EUSES_oficial","twitter_misc":{"Written by":"Jordi Danes","Est. reading time":"3 minutes"},"schema":{"@context":"https:\/\/schema.org","@graph":[{"@type":"Article","@id":"https:\/\/girona.euses.cat\/en\/223-students-from-the-2020-2024-graduating-class-of-the-salt-campus-of-cafyd-physiotherapy-and-double-degrees-graduate\/#article","isPartOf":{"@id":"https:\/\/girona.euses.cat\/en\/223-students-from-the-2020-2024-graduating-class-of-the-salt-campus-of-cafyd-physiotherapy-and-double-degrees-graduate\/"},"author":{"name":"Jordi Danes","@id":"https:\/\/girona.euses.cat\/#\/schema\/person\/568c4355480c07245f1bb8e29628a164"},"headline":"223 students from the 2020\/2024 graduating class of the Salt Campus of CAFyD, Physiotherapy and Double Degrees graduate","datePublished":"2024-06-21T07:55:49+00:00","dateModified":"2024-06-25T07:50:06+00:00","mainEntityOfPage":{"@id":"https:\/\/girona.euses.cat\/en\/223-students-from-the-2020-2024-graduating-class-of-the-salt-campus-of-cafyd-physiotherapy-and-double-degrees-graduate\/"},"wordCount":435,"commentCount":0,"image":{"@id":"https:\/\/girona.euses.cat\/en\/223-students-from-the-2020-2024-graduating-class-of-the-salt-campus-of-cafyd-physiotherapy-and-double-degrees-graduate\/#primaryimage"},"thumbnailUrl":"https:\/\/girona.euses.cat\/wp-content\/uploads\/2024\/06\/Graduacio-Salt-2020_2024-3-scaled.jpg","inLanguage":"en-US","potentialAction":[{"@type":"CommentAction","name":"Comment","target":["https:\/\/girona.euses.cat\/en\/223-students-from-the-2020-2024-graduating-class-of-the-salt-campus-of-cafyd-physiotherapy-and-double-degrees-graduate\/#respond"]}]},{"@type":"WebPage","@id":"https:\/\/girona.euses.cat\/en\/223-students-from-the-2020-2024-graduating-class-of-the-salt-campus-of-cafyd-physiotherapy-and-double-degrees-graduate\/","url":"https:\/\/girona.euses.cat\/en\/223-students-from-the-2020-2024-graduating-class-of-the-salt-campus-of-cafyd-physiotherapy-and-double-degrees-graduate\/","name":"223 students from the 2020\/2024 graduating class of the Salt Campus of CAFyD, Physiotherapy and Double Degrees graduate | Euses - Campus de Salt (Girona)","isPartOf":{"@id":"https:\/\/girona.euses.cat\/#website"},"primaryImageOfPage":{"@id":"https:\/\/girona.euses.cat\/en\/223-students-from-the-2020-2024-graduating-class-of-the-salt-campus-of-cafyd-physiotherapy-and-double-degrees-graduate\/#primaryimage"},"image":{"@id":"https:\/\/girona.euses.cat\/en\/223-students-from-the-2020-2024-graduating-class-of-the-salt-campus-of-cafyd-physiotherapy-and-double-degrees-graduate\/#primaryimage"},"thumbnailUrl":"https:\/\/girona.euses.cat\/wp-content\/uploads\/2024\/06\/Graduacio-Salt-2020_2024-3-scaled.jpg","datePublished":"2024-06-21T07:55:49+00:00","dateModified":"2024-06-25T07:50:06+00:00","author":{"@id":"https:\/\/girona.euses.cat\/#\/schema\/person\/568c4355480c07245f1bb8e29628a164"},"breadcrumb":{"@id":"https:\/\/girona.euses.cat\/en\/223-students-from-the-2020-2024-graduating-class-of-the-salt-campus-of-cafyd-physiotherapy-and-double-degrees-graduate\/#breadcrumb"},"inLanguage":"en-US","potentialAction":[{"@type":"ReadAction","target":["https:\/\/girona.euses.cat\/en\/223-students-from-the-2020-2024-graduating-class-of-the-salt-campus-of-cafyd-physiotherapy-and-double-degrees-graduate\/"]}]},{"@type":"ImageObject","inLanguage":"en-US","@id":"https:\/\/girona.euses.cat\/en\/223-students-from-the-2020-2024-graduating-class-of-the-salt-campus-of-cafyd-physiotherapy-and-double-degrees-graduate\/#primaryimage","url":"https:\/\/girona.euses.cat\/wp-content\/uploads\/2024\/06\/Graduacio-Salt-2020_2024-3-scaled.jpg","contentUrl":"https:\/\/girona.euses.cat\/wp-content\/uploads\/2024\/06\/Graduacio-Salt-2020_2024-3-scaled.jpg","width":2560,"height":1704,"caption":"ANIOL RESCLOSA - AUDITORI GIRONA - ACTE DE GRADUACIO EUSES 2024"},{"@type":"BreadcrumbList","@id":"https:\/\/girona.euses.cat\/en\/223-students-from-the-2020-2024-graduating-class-of-the-salt-campus-of-cafyd-physiotherapy-and-double-degrees-graduate\/#breadcrumb","itemListElement":[{"@type":"ListItem","position":1,"name":"Portada","item":"https:\/\/girona.euses.cat\/en\/"},{"@type":"ListItem","position":2,"name":"223 students from the 2020\/2024 graduating class of the Salt Campus of CAFyD, Physiotherapy and Double Degrees graduate"}]},{"@type":"WebSite","@id":"https:\/\/girona.euses.cat\/#website","url":"https:\/\/girona.euses.cat\/","name":"Euses - Campus de Salt (Girona)","description":"EUSES, Escola Universit\u00e0ria de Fisioter\u00e0pia i CAFE","potentialAction":[{"@type":"SearchAction","target":{"@type":"EntryPoint","urlTemplate":"https:\/\/girona.euses.cat\/?s={search_term_string}"},"query-input":{"@type":"PropertyValueSpecification","valueRequired":true,"valueName":"search_term_string"}}],"inLanguage":"en-US"},{"@type":"Person","@id":"https:\/\/girona.euses.cat\/#\/schema\/person\/568c4355480c07245f1bb8e29628a164","name":"Jordi Danes","image":{"@type":"ImageObject","inLanguage":"en-US","@id":"https:\/\/secure.gravatar.com\/avatar\/a9e4f443b594af225625ee8cfa665e41b1e0740ea34fbe0515b4ca559f8570ef?s=96&d=mm&r=g","url":"https:\/\/secure.gravatar.com\/avatar\/a9e4f443b594af225625ee8cfa665e41b1e0740ea34fbe0515b4ca559f8570ef?s=96&d=mm&r=g","contentUrl":"https:\/\/secure.gravatar.com\/avatar\/a9e4f443b594af225625ee8cfa665e41b1e0740ea34fbe0515b4ca559f8570ef?s=96&d=mm&r=g","caption":"Jordi Danes"}}]}},"_links":{"self":[{"href":"https:\/\/girona.euses.cat\/en\/wp-json\/wp\/v2\/posts\/103859","targetHints":{"allow":["GET"]}}],"collection":[{"href":"https:\/\/girona.euses.cat\/en\/wp-json\/wp\/v2\/posts"}],"about":[{"href":"https:\/\/girona.euses.cat\/en\/wp-json\/wp\/v2\/types\/post"}],"author":[{"embeddable":true,"href":"https:\/\/girona.euses.cat\/en\/wp-json\/wp\/v2\/users\/2"}],"replies":[{"embeddable":true,"href":"https:\/\/girona.euses.cat\/en\/wp-json\/wp\/v2\/comments?post=103859"}],"version-history":[{"count":2,"href":"https:\/\/girona.euses.cat\/en\/wp-json\/wp\/v2\/posts\/103859\/revisions"}],"predecessor-version":[{"id":103866,"href":"https:\/\/girona.euses.cat\/en\/wp-json\/wp\/v2\/posts\/103859\/revisions\/103866"}],"wp:featuredmedia":[{"embeddable":true,"href":"https:\/\/girona.euses.cat\/en\/wp-json\/wp\/v2\/media\/103825"}],"wp:attachment":[{"href":"https:\/\/girona.euses.cat\/en\/wp-json\/wp\/v2\/media?parent=103859"}],"wp:term":[{"taxonomy":"category","embeddable":true,"href":"https:\/\/girona.euses.cat\/en\/wp-json\/wp\/v2\/categories?post=103859"},{"taxonomy":"post_tag","embeddable":true,"href":"https:\/\/girona.euses.cat\/en\/wp-json\/wp\/v2\/tags?post=103859"}],"curies":[{"name":"wp","href":"https:\/\/api.w.org\/{rel}","templated":true}]}}